{"id":13979,"date":"2025-07-17T16:14:48","date_gmt":"2025-07-17T14:14:48","guid":{"rendered":"https:\/\/pasaenmendoza.com\/?p=13979"},"modified":"2025-07-17T16:14:49","modified_gmt":"2025-07-17T14:14:49","slug":"el-tiempo-en-mendoza-para-este-jueves-sube-la-temperatura","status":"publish","type":"post","link":"https:\/\/pasaenmendoza.com\/?p=13979","title":{"rendered":"El tiempo en Mendoza para este jueves: sube la temperatura"},"content":{"rendered":"\n<p>La temperatura m\u00e1xima para este jueves alcanzar\u00e1 los 18 grados cent\u00edgrados, mientras que la m\u00ednima ser\u00e1 bien baja: 1 grado cent\u00edgrado.<\/p>\n\n\n\n<p>La Direcci\u00f3n de Contingencias Clim\u00e1ticas adelant\u00f3 que habr\u00e1 \u201c<em>poca nubosidad con ascenso de la temperatura, vientos leves del noreste. Heladas parciales<\/em>\u201c.<\/p>\n\n\n\n<p>Tambi\u00e9n se esperan nieblas y neblinas matinales.<\/p>\n\n\n\n<p>Para la alta monta\u00f1a: \u201c<em>Poco nuboso en cordillera<\/em>\u201c.<\/p>\n\n\n\n<p><strong>Fuente: www.elsol.com.ar<\/strong><\/p>\n","protected":false},"excerpt":{"rendered":"<p>La temperatura m\u00e1xima para este jueves alcanzar\u00e1 los 18 grados cent\u00edgrados, mientras que la m\u00ednima ser\u00e1 bien baja: 1 grado cent\u00edgrado. La Direcci\u00f3n de Contingencias Clim\u00e1ticas adelant\u00f3 que habr\u00e1 \u201cpoca nubosidad con ascenso de la temperatura, vientos leves del noreste. Heladas parciales\u201c. Tambi\u00e9n se esperan nieblas y neblinas matinales. Para la alta monta\u00f1a: \u201cPoco nuboso [&hellip;]<\/p>\n","protected":false},"author":2,"featured_media":13980,"comment_status":"open","ping_status":"open","sticky":false,"template":"","format":"standard","meta":[],"categories":[52],"tags":[],"_links":{"self":[{"href":"https:\/\/pasaenmendoza.com\/index.php?rest_route=\/wp\/v2\/posts\/13979"}],"collection":[{"href":"https:\/\/pasaenmendoza.com\/index.php?rest_route=\/wp\/v2\/posts"}],"about":[{"href":"https:\/\/pasaenmendoza.com\/index.php?rest_route=\/wp\/v2\/types\/post"}],"author":[{"embeddable":true,"href":"https:\/\/pasaenmendoza.com\/index.php?rest_route=\/wp\/v2\/users\/2"}],"replies":[{"embeddable":true,"href":"https:\/\/pasaenmendoza.com\/index.php?rest_route=%2Fwp%2Fv2%2Fcomments&post=13979"}],"version-history":[{"count":1,"href":"https:\/\/pasaenmendoza.com\/index.php?rest_route=\/wp\/v2\/posts\/13979\/revisions"}],"predecessor-version":[{"id":13981,"href":"https:\/\/pasaenmendoza.com\/index.php?rest_route=\/wp\/v2\/posts\/13979\/revisions\/13981"}],"wp:featuredmedia":[{"embeddable":true,"href":"https:\/\/pasaenmendoza.com\/index.php?rest_route=\/wp\/v2\/media\/13980"}],"wp:attachment":[{"href":"https:\/\/pasaenmendoza.com\/index.php?rest_route=%2Fwp%2Fv2%2Fmedia&parent=13979"}],"wp:term":[{"taxonomy":"category","embeddable":true,"href":"https:\/\/pasaenmendoza.com\/index.php?rest_route=%2Fwp%2Fv2%2Fcategories&post=13979"},{"taxonomy":"post_tag","embeddable":true,"href":"https:\/\/pasaenmendoza.com\/index.php?rest_route=%2Fwp%2Fv2%2Ftags&post=13979"}],"curies":[{"name":"wp","href":"https:\/\/api.w.org\/{rel}","templated":true}]}}