{"id":13982,"date":"2025-07-17T16:18:58","date_gmt":"2025-07-17T14:18:58","guid":{"rendered":"https:\/\/pasaenmendoza.com\/?p=13982"},"modified":"2025-07-17T16:18:59","modified_gmt":"2025-07-17T14:18:59","slug":"la-medida-de-fuerza-que-complicara-la-atencion-en-el-hospital-central-este-jueves","status":"publish","type":"post","link":"https:\/\/pasaenmendoza.com\/?p=13982","title":{"rendered":"La medida de fuerza que complicar\u00e1 la atenci\u00f3n en el Hospital Central este jueves"},"content":{"rendered":"\n<p>La&nbsp;<strong>Asociaci\u00f3n Mendocina de Profesionales de la Salud<\/strong>&nbsp;(Ampros) se sum\u00f3 este jueves a las medidas de fuerzas del sector de la Salud P\u00fablica en todo el pa\u00eds y har\u00e1 una protesta en la explanada del Hospital Central, apenas dos d\u00edas despu\u00e9s de haber acordado con la Provincia en paritarias.<\/p>\n\n\n\n<p>Bajo el nombre de \u201c<em>Jornada de lucha en defensa de la Salud P\u00fablica\u201d<\/em>&nbsp;los miembros de este sindicato se reunir\u00e1n a las 9.30 en las inmediaciones del hospital mendocino para impulsar tres exigencias concretas:<\/p>\n\n\n\n<ul>\n<li><strong>Pase a planta de profesionales de la salud en negro.<\/strong><\/li>\n\n\n\n<li><strong>Recuperaci\u00f3n del poder adquisitivo.<\/strong><\/li>\n\n\n\n<li><strong>Cambios de r\u00e9gimen.<\/strong><\/li>\n<\/ul>\n\n\n\n<p>Lo llamativo es que Ampros acept\u00f3 el martes la \u00faltima oferta de incremento salarial que ofreci\u00f3 la Provincia a los profesionales de la salud.<\/p>\n\n\n\n<p>Seg\u00fan difundi\u00f3 el Gobierno, la Provincia acord\u00f3 eliminar a partir del 1 de julio de 2025 el Adicional 3422, Decreto 2585\/2007 (\u00edtem 3422) y su incorporaci\u00f3n al b\u00e1sico de revista.<\/p>\n\n\n\n<p>En la negociaci\u00f3n, el gremio logr\u00f3 un incremento al b\u00e1sico de 4% en julio, 3% en septiembre y 3% en noviembre.<\/p>\n\n\n\n<p>Adem\u00e1s, se acord\u00f3 modificar el porcentaje del Suplemento Especialidad Profesional Salud.<\/p>\n\n\n\n<p><strong>Fuente: www.elsol.com.ar<\/strong><\/p>\n","protected":false},"excerpt":{"rendered":"<p>La&nbsp;Asociaci\u00f3n Mendocina de Profesionales de la Salud&nbsp;(Ampros) se sum\u00f3 este jueves a las medidas de fuerzas del sector de la Salud P\u00fablica en todo el pa\u00eds y har\u00e1 una protesta en la explanada del Hospital Central, apenas dos d\u00edas despu\u00e9s de haber acordado con la Provincia en paritarias. Bajo el nombre de \u201cJornada de lucha [&hellip;]<\/p>\n","protected":false},"author":2,"featured_media":13983,"comment_status":"open","ping_status":"open","sticky":false,"template":"","format":"standard","meta":[],"categories":[50],"tags":[],"_links":{"self":[{"href":"https:\/\/pasaenmendoza.com\/index.php?rest_route=\/wp\/v2\/posts\/13982"}],"collection":[{"href":"https:\/\/pasaenmendoza.com\/index.php?rest_route=\/wp\/v2\/posts"}],"about":[{"href":"https:\/\/pasaenmendoza.com\/index.php?rest_route=\/wp\/v2\/types\/post"}],"author":[{"embeddable":true,"href":"https:\/\/pasaenmendoza.com\/index.php?rest_route=\/wp\/v2\/users\/2"}],"replies":[{"embeddable":true,"href":"https:\/\/pasaenmendoza.com\/index.php?rest_route=%2Fwp%2Fv2%2Fcomments&post=13982"}],"version-history":[{"count":1,"href":"https:\/\/pasaenmendoza.com\/index.php?rest_route=\/wp\/v2\/posts\/13982\/revisions"}],"predecessor-version":[{"id":13984,"href":"https:\/\/pasaenmendoza.com\/index.php?rest_route=\/wp\/v2\/posts\/13982\/revisions\/13984"}],"wp:featuredmedia":[{"embeddable":true,"href":"https:\/\/pasaenmendoza.com\/index.php?rest_route=\/wp\/v2\/media\/13983"}],"wp:attachment":[{"href":"https:\/\/pasaenmendoza.com\/index.php?rest_route=%2Fwp%2Fv2%2Fmedia&parent=13982"}],"wp:term":[{"taxonomy":"category","embeddable":true,"href":"https:\/\/pasaenmendoza.com\/index.php?rest_route=%2Fwp%2Fv2%2Fcategories&post=13982"},{"taxonomy":"post_tag","embeddable":true,"href":"https:\/\/pasaenmendoza.com\/index.php?rest_route=%2Fwp%2Fv2%2Ftags&post=13982"}],"curies":[{"name":"wp","href":"https:\/\/api.w.org\/{rel}","templated":true}]}}