{"id":13985,"date":"2025-07-17T16:21:14","date_gmt":"2025-07-17T14:21:14","guid":{"rendered":"https:\/\/pasaenmendoza.com\/?p=13985"},"modified":"2025-07-17T16:21:15","modified_gmt":"2025-07-17T14:21:15","slug":"ocho-adolescentes-encapuchados-detenidos-por-robar-y-herir-a-otro-chico-en-el-parque-central","status":"publish","type":"post","link":"https:\/\/pasaenmendoza.com\/?p=13985","title":{"rendered":"Ocho adolescentes encapuchados detenidos por robar y herir a otro chico en el Parque Central"},"content":{"rendered":"\n<p>Una banda de ocho adolescentes fue detenida en inmediaciones del Parque Central por haber atacado a otro menor con un arma blanca con la pretensi\u00f3n de robarle una gorra.<\/p>\n\n\n\n<p>El robo y la agresi\u00f3n ocurri\u00f3 alrededor de las 18.40 en ese espacio verde de Capital, cuando la v\u00edctima de 16 a\u00f1os fue rodeada por entre ocho individuos, tambi\u00e9n menores de edad, que estaban encapuchados.<\/p>\n\n\n\n<p>Lo golpearon y uno de ellos le clav\u00f3 una punta en la zona lumbar. As\u00ed, escaparon luego de haberle sacado una gorra y un collar met\u00e1lico dorado.<\/p>\n\n\n\n<p>Sin embargo, personal de la Divisi\u00f3n de Delitos Econ\u00f3micos dio con ellos en Per\u00fa y Salvador Reta, ya que hab\u00edan sido alertados por el CEO del ataque. Acudieron al lugar m\u00f3viles de la UID Capital que procedieron a la detenci\u00f3n.<\/p>\n\n\n\n<p>En presencia de una testigo, se hizo la requisa y se recuperaron los elementos sustra\u00eddos. Tambi\u00e9n se secuestr\u00f3 un arma blanca de confecci\u00f3n artesanal.<\/p>\n\n\n\n<p>La v\u00edctima fue asistida por personal del SEC, quien diagnostic\u00f3 herida cortante en zona dorsal baja, sin necesidad de traslado.<\/p>\n\n\n\n<p>Intervino la Oficina Fiscal Capital, quien dispuso el secuestro de los elementos, la individualizaci\u00f3n de los aprehendidos mediante el sistema biom\u00e9trico, por robo agravado y agresi\u00f3n con arma blanca.<\/p>\n\n\n\n<p><strong>Fuente: www.elsol.com.ar<\/strong><\/p>\n","protected":false},"excerpt":{"rendered":"<p>Una banda de ocho adolescentes fue detenida en inmediaciones del Parque Central por haber atacado a otro menor con un arma blanca con la pretensi\u00f3n de robarle una gorra. El robo y la agresi\u00f3n ocurri\u00f3 alrededor de las 18.40 en ese espacio verde de Capital, cuando la v\u00edctima de 16 a\u00f1os fue rodeada por entre [&hellip;]<\/p>\n","protected":false},"author":2,"featured_media":13986,"comment_status":"open","ping_status":"open","sticky":false,"template":"","format":"standard","meta":[],"categories":[48],"tags":[],"_links":{"self":[{"href":"https:\/\/pasaenmendoza.com\/index.php?rest_route=\/wp\/v2\/posts\/13985"}],"collection":[{"href":"https:\/\/pasaenmendoza.com\/index.php?rest_route=\/wp\/v2\/posts"}],"about":[{"href":"https:\/\/pasaenmendoza.com\/index.php?rest_route=\/wp\/v2\/types\/post"}],"author":[{"embeddable":true,"href":"https:\/\/pasaenmendoza.com\/index.php?rest_route=\/wp\/v2\/users\/2"}],"replies":[{"embeddable":true,"href":"https:\/\/pasaenmendoza.com\/index.php?rest_route=%2Fwp%2Fv2%2Fcomments&post=13985"}],"version-history":[{"count":1,"href":"https:\/\/pasaenmendoza.com\/index.php?rest_route=\/wp\/v2\/posts\/13985\/revisions"}],"predecessor-version":[{"id":13987,"href":"https:\/\/pasaenmendoza.com\/index.php?rest_route=\/wp\/v2\/posts\/13985\/revisions\/13987"}],"wp:featuredmedia":[{"embeddable":true,"href":"https:\/\/pasaenmendoza.com\/index.php?rest_route=\/wp\/v2\/media\/13986"}],"wp:attachment":[{"href":"https:\/\/pasaenmendoza.com\/index.php?rest_route=%2Fwp%2Fv2%2Fmedia&parent=13985"}],"wp:term":[{"taxonomy":"category","embeddable":true,"href":"https:\/\/pasaenmendoza.com\/index.php?rest_route=%2Fwp%2Fv2%2Fcategories&post=13985"},{"taxonomy":"post_tag","embeddable":true,"href":"https:\/\/pasaenmendoza.com\/index.php?rest_route=%2Fwp%2Fv2%2Ftags&post=13985"}],"curies":[{"name":"wp","href":"https:\/\/api.w.org\/{rel}","templated":true}]}}