{"id":13988,"date":"2025-07-17T16:24:25","date_gmt":"2025-07-17T14:24:25","guid":{"rendered":"https:\/\/pasaenmendoza.com\/?p=13988"},"modified":"2025-07-17T16:24:26","modified_gmt":"2025-07-17T14:24:26","slug":"un-policia-ebrio-causo-disturbios-en-una-shell-de-guaymallen-y-fue-suspendido","status":"publish","type":"post","link":"https:\/\/pasaenmendoza.com\/?p=13988","title":{"rendered":"Un polic\u00eda ebrio caus\u00f3 disturbios en una Shell de Guaymall\u00e9n y fue suspendido"},"content":{"rendered":"\n<p>La Junta de Disciplina del Ministerio de Seguridad de la provincia de Mendoza&nbsp;<strong>sancion\u00f3 con 36 d\u00edas de suspensi\u00f3n a un polic\u00eda<\/strong>&nbsp;que caus\u00f3 disturbios y estaba en estado de ebriedad en una estaci\u00f3n de servicio ubicada en la intersecci\u00f3n de la Rodr\u00edguez Pela y el Acceso Sur.<\/p>\n\n\n\n<p>Si bien la sanci\u00f3n fue oficializada este jueves, el hecho ocurri\u00f3 el 21 de mayo de 2022. Seg\u00fan consta en el documento, alrededor de las 18.00, las autoridades tomaron conocimiento de un &#8220;masculino en&nbsp;<strong>aparente estado de ebriedad el cual estar\u00eda causando problemas&#8221; en la Shell<\/strong>&nbsp;ubicada sobre Rodr\u00edguez Pe\u00f1a, a un lado del inicio de la Costanera.<\/p>\n\n\n\n<p>Al lugar lleg\u00f3 un oficial inspector, un auxiliar en una moto y otros dos en un m\u00f3vil, para verificar que estaba ocurriendo. Al arribar se encontraron con un hombre junto a una moto, conversando con el bombista en evidente estado de ebriedad.<\/p>\n\n\n\n<p>Los efectivos le solicitaron que se apoye contra el m\u00f3vil para palparlo, pero el hombre se resisti\u00f3 con violencia. Los agentes lo redujeron y lo esposaron. Al identificarlo corroboraron que era efectivo policial y que prestaba servicio en<strong>\u00a0Infanter\u00eda Centro.<\/strong><\/p>\n\n\n\n<p>El bombista declar\u00f3 que ve\u00eda al hombre intentando subirse a su moto y se ca\u00eda, no pudiendo mantener el equilibrio, por lo que intentaron retenerlo para que no maneje y llamaron a la polic\u00eda.&nbsp;<\/p>\n\n\n\n<p>El ya identificado polic\u00eda fue trasladado a la Comisar\u00eda 37\u00b0 y la moto con la que estaba, una Zanella modelo RX250cc, color roja y negra, fue trasladada a sede de Subcomisaria Zona Industrial.&nbsp;<\/p>\n\n\n\n<p>Polic\u00eda Vial lleg\u00f3 a la comisar\u00eda, le realizaron\u00a0el dosaje de alcohol, el cual dio como resultado 2.10 G\/L. Tras haber agotado instancias y ante una inexistente defensa por parte del polic\u00eda durante m\u00e1s de tres a\u00f1os, finalmente este jueves se oficializ\u00f3 su suspensi\u00f3n.<\/p>\n\n\n\n<p><strong>Fuente: www.mendozapost.com<\/strong><\/p>\n","protected":false},"excerpt":{"rendered":"<p>La Junta de Disciplina del Ministerio de Seguridad de la provincia de Mendoza&nbsp;sancion\u00f3 con 36 d\u00edas de suspensi\u00f3n a un polic\u00eda&nbsp;que caus\u00f3 disturbios y estaba en estado de ebriedad en una estaci\u00f3n de servicio ubicada en la intersecci\u00f3n de la Rodr\u00edguez Pela y el Acceso Sur. Si bien la sanci\u00f3n fue oficializada este jueves, el [&hellip;]<\/p>\n","protected":false},"author":2,"featured_media":13989,"comment_status":"open","ping_status":"open","sticky":false,"template":"","format":"standard","meta":[],"categories":[48],"tags":[],"_links":{"self":[{"href":"https:\/\/pasaenmendoza.com\/index.php?rest_route=\/wp\/v2\/posts\/13988"}],"collection":[{"href":"https:\/\/pasaenmendoza.com\/index.php?rest_route=\/wp\/v2\/posts"}],"about":[{"href":"https:\/\/pasaenmendoza.com\/index.php?rest_route=\/wp\/v2\/types\/post"}],"author":[{"embeddable":true,"href":"https:\/\/pasaenmendoza.com\/index.php?rest_route=\/wp\/v2\/users\/2"}],"replies":[{"embeddable":true,"href":"https:\/\/pasaenmendoza.com\/index.php?rest_route=%2Fwp%2Fv2%2Fcomments&post=13988"}],"version-history":[{"count":1,"href":"https:\/\/pasaenmendoza.com\/index.php?rest_route=\/wp\/v2\/posts\/13988\/revisions"}],"predecessor-version":[{"id":13990,"href":"https:\/\/pasaenmendoza.com\/index.php?rest_route=\/wp\/v2\/posts\/13988\/revisions\/13990"}],"wp:featuredmedia":[{"embeddable":true,"href":"https:\/\/pasaenmendoza.com\/index.php?rest_route=\/wp\/v2\/media\/13989"}],"wp:attachment":[{"href":"https:\/\/pasaenmendoza.com\/index.php?rest_route=%2Fwp%2Fv2%2Fmedia&parent=13988"}],"wp:term":[{"taxonomy":"category","embeddable":true,"href":"https:\/\/pasaenmendoza.com\/index.php?rest_route=%2Fwp%2Fv2%2Fcategories&post=13988"},{"taxonomy":"post_tag","embeddable":true,"href":"https:\/\/pasaenmendoza.com\/index.php?rest_route=%2Fwp%2Fv2%2Ftags&post=13988"}],"curies":[{"name":"wp","href":"https:\/\/api.w.org\/{rel}","templated":true}]}}