{"id":13991,"date":"2025-07-17T22:23:22","date_gmt":"2025-07-17T20:23:22","guid":{"rendered":"https:\/\/pasaenmendoza.com\/?p=13991"},"modified":"2025-07-17T22:23:23","modified_gmt":"2025-07-17T20:23:23","slug":"mas-intendentes-definieron-cuando-se-elegiran-concejales-en-sus-municipios","status":"publish","type":"post","link":"https:\/\/pasaenmendoza.com\/?p=13991","title":{"rendered":"M\u00e1s intendentes definieron cu\u00e1ndo se elegir\u00e1n concejales en sus municipios"},"content":{"rendered":"\n<p>La confirmaci\u00f3n de la\u00a0fecha de\u00a0<strong>elecciones<\/strong>\u00a0en Mendoza por parte del gobernador Alfredo Cornejo oblig\u00f3 a los intendentes a definir cu\u00e1ndo ser\u00e1n los comicios en cada departamento. A un d\u00eda del vencimiento del plazo,\u00a0<strong>Tunuy\u00e1n<\/strong>\u00a0y\u00a0<strong>La Paz<\/strong>\u00a0ya tomaron una decisi\u00f3n.<\/p>\n\n\n\n<p>Si bien en un principio se esperaba que los&nbsp;<strong>intendentes peronistas<\/strong>&nbsp;tomaran la decisi\u00f3n en bloque, tras una reuni\u00f3n que los tuvo como protagonistas resolvieron que cada uno se adapte a los intereses y necesidades de su municipio.<\/p>\n\n\n\n<p>Y as\u00ed fue como algunos optaron por unificar\u00a0<strong>elecciones<\/strong>\u00a0con Provincia y Naci\u00f3n (para el 26 de octubre) y otros eligieron desdoblar, para que sus habitantes voten concejales en febrero del a\u00f1o que viene.<\/p>\n\n\n\n<p>Este jueves se conoci\u00f3 que&nbsp;<strong>Emir Andraos<\/strong>&nbsp;resolvi\u00f3 unificar fecha electoral, por lo que diputados nacionales, legisladores provinciales y concejales se elegir\u00e1n en Tunuy\u00e1n el mismo d\u00eda.<\/p>\n\n\n\n<p>En tanto que, si bien a\u00fan media silencio oficial, se descuenta que&nbsp;<strong>Fernando Ubieta<\/strong>&nbsp;despegar\u00e1 las elecciones de La Paz.<\/p>\n\n\n\n<h2 class=\"wp-block-heading\"><strong>Otros intendentes peronistas que unifican elecciones<\/strong><\/h2>\n\n\n\n<p>Adem\u00e1s de en&nbsp;<strong>Tunuy\u00e1n<\/strong>, tambi\u00e9n se votar\u00e1n concejales el 26 de octubre en&nbsp;<strong>Lavalle<\/strong>&nbsp;y en&nbsp;<strong>Malarg\u00fce<\/strong>. As\u00ed lo decidieron los intendentes Edgardo Gonz\u00e1lez y Celso Jaque.<\/p>\n\n\n\n<p><strong>Andraos<\/strong>&nbsp;justific\u00f3 su decisi\u00f3n de unificar haciendo foco en su necesidad de mantener a su equipo lo m\u00e1s posible enfocado en su gesti\u00f3n y no en cuestiones electorales.<\/p>\n\n\n\n<p>Y entendi\u00f3, adem\u00e1s, que en una&nbsp;<strong>elecci\u00f3n<\/strong>&nbsp;concurrente, desde lo local se puede acompa\u00f1ar a su vez a los candidatos a diputados nacionales y a diputados y senadores provinciales del tercer distrito.<\/p>\n\n\n\n<p>Esta postura es la que pregona, por ejemplo, el kirchnerismo liderado por Anabel Fern\u00e1ndez Sagasti.<\/p>\n\n\n\n<p>Los otros que unificar\u00e1n\u00a0<strong>elecciones\u00a0<\/strong>con la Provincia y la Naci\u00f3n ser\u00e1n los ocho radicales: Ciudad, Godoy Cruz, Guaymall\u00e9n, Las Heras, San Mart\u00edn, Jun\u00edn, General Alvear y Tupungato. Y\u00a0<strong>San Carlos<\/strong>, liderado por Alejandro Morillas.<\/p>\n\n\n\n<h2 class=\"wp-block-heading\">Los que desdoblan elecciones<\/h2>\n\n\n\n<p>El que ya confirm\u00f3 que desdobla\u00a0<strong>elecciones<\/strong>\u00a0es San Rafael.\u00a0El \u201cvocero\u201d de esa decisi\u00f3n fue\u00a0<strong>Emir F\u00e9lix<\/strong>, presidente del PJ y hermano del intendente.<\/p>\n\n\n\n<p>Seg\u00fan explic\u00f3, el desdoblamiento resulta necesario para poder mantener en agenda el plebiscito por la&nbsp;<strong>autonom\u00eda municipal<\/strong>.<\/p>\n\n\n\n<p>Si bien a\u00fan no se han pronunciado formalmente, intendentes como Flor Dest\u00e9fanis (Santa Rosa) y Mat\u00edas Stevanato (Maip\u00fa) tambi\u00e9n tomar\u00edan la decisi\u00f3n de desdoblar sus&nbsp;<strong>elecciones<\/strong>.<\/p>\n\n\n\n<p>De todas maneras, comunicarlo a viva voz no es necesario. De hecho, el s\u00f3lo hecho de dejar vencer el plazo para la firma del decreto de&nbsp;<strong>unificaci\u00f3n<\/strong>, da por sentado que la fecha de comicios municipales es en febrero del 2026.<\/p>\n\n\n\n<p>Quien s\u00ed hizo p\u00fablica su decisi\u00f3n en ese sentido fue&nbsp;<strong>Rivadavia<\/strong>, municipio liderado por el partido municipal Sembrar de Ricardo Mansur, opositor al oficialismo provincial.<\/p>\n\n\n\n<h2 class=\"wp-block-heading\">Qu\u00e9 har\u00e1 Luj\u00e1n de Cuyo<\/h2>\n\n\n\n<p>El otro que a\u00fan no comunica formalmente si unificar\u00e1 o desdoblar\u00e1 elecciones es Esteban Allasino, intendente de&nbsp;<strong>Luj\u00e1n de Cuyo<\/strong>.<\/p>\n\n\n\n<p>Seg\u00fan confiaron desde la mesa chica del intendente del PRO, este mismo jueves podr\u00eda conocerse cu\u00e1ndo ser\u00e1n las\u00a0<strong>elecciones<\/strong>\u00a0lujaninas.<\/p>\n\n\n\n<p><strong>Fuente: www.diariouno.com.ar<\/strong><\/p>\n","protected":false},"excerpt":{"rendered":"<p>La confirmaci\u00f3n de la\u00a0fecha de\u00a0elecciones\u00a0en Mendoza por parte del gobernador Alfredo Cornejo oblig\u00f3 a los intendentes a definir cu\u00e1ndo ser\u00e1n los comicios en cada departamento. A un d\u00eda del vencimiento del plazo,\u00a0Tunuy\u00e1n\u00a0y\u00a0La Paz\u00a0ya tomaron una decisi\u00f3n. Si bien en un principio se esperaba que los&nbsp;intendentes peronistas&nbsp;tomaran la decisi\u00f3n en bloque, tras una reuni\u00f3n que los [&hellip;]<\/p>\n","protected":false},"author":2,"featured_media":13992,"comment_status":"open","ping_status":"open","sticky":false,"template":"","format":"standard","meta":[],"categories":[47],"tags":[],"_links":{"self":[{"href":"https:\/\/pasaenmendoza.com\/index.php?rest_route=\/wp\/v2\/posts\/13991"}],"collection":[{"href":"https:\/\/pasaenmendoza.com\/index.php?rest_route=\/wp\/v2\/posts"}],"about":[{"href":"https:\/\/pasaenmendoza.com\/index.php?rest_route=\/wp\/v2\/types\/post"}],"author":[{"embeddable":true,"href":"https:\/\/pasaenmendoza.com\/index.php?rest_route=\/wp\/v2\/users\/2"}],"replies":[{"embeddable":true,"href":"https:\/\/pasaenmendoza.com\/index.php?rest_route=%2Fwp%2Fv2%2Fcomments&post=13991"}],"version-history":[{"count":1,"href":"https:\/\/pasaenmendoza.com\/index.php?rest_route=\/wp\/v2\/posts\/13991\/revisions"}],"predecessor-version":[{"id":13993,"href":"https:\/\/pasaenmendoza.com\/index.php?rest_route=\/wp\/v2\/posts\/13991\/revisions\/13993"}],"wp:featuredmedia":[{"embeddable":true,"href":"https:\/\/pasaenmendoza.com\/index.php?rest_route=\/wp\/v2\/media\/13992"}],"wp:attachment":[{"href":"https:\/\/pasaenmendoza.com\/index.php?rest_route=%2Fwp%2Fv2%2Fmedia&parent=13991"}],"wp:term":[{"taxonomy":"category","embeddable":true,"href":"https:\/\/pasaenmendoza.com\/index.php?rest_route=%2Fwp%2Fv2%2Fcategories&post=13991"},{"taxonomy":"post_tag","embeddable":true,"href":"https:\/\/pasaenmendoza.com\/index.php?rest_route=%2Fwp%2Fv2%2Ftags&post=13991"}],"curies":[{"name":"wp","href":"https:\/\/api.w.org\/{rel}","templated":true}]}}