{"id":13994,"date":"2025-07-17T22:37:17","date_gmt":"2025-07-17T20:37:17","guid":{"rendered":"https:\/\/pasaenmendoza.com\/?p=13994"},"modified":"2025-07-17T22:37:18","modified_gmt":"2025-07-17T20:37:18","slug":"el-24-de-julio-habra-jornada-de-articulacion-entre-niveles-sin-suspension-de-clases","status":"publish","type":"post","link":"https:\/\/pasaenmendoza.com\/?p=13994","title":{"rendered":"El 24 de julio habr\u00e1 jornada de articulaci\u00f3n entre niveles, sin suspensi\u00f3n de clases"},"content":{"rendered":"\n<p>La\u00a0<strong>Subsecretar\u00eda de Educaci\u00f3n y la Direcci\u00f3n de Planificaci\u00f3n de la Calidad Educativa<\/strong>\u00a0informaron que el\u00a0<strong>jueves 24 de julio<\/strong>\u00a0se desarrollar\u00e1 una\u00a0<strong>Jornada<\/strong>\u00a0de articulaci\u00f3n entre el Nivel Primario y el Nivel Secundario. A diferencia de otras jornadas institucionales, en esta ocasi\u00f3n<strong>\u00a0no se suspender\u00e1n las clases<\/strong>, ya que la actividad estar\u00e1 dirigida \u00fanicamente a equipos directivos, docentes y referentes pedag\u00f3gicos involucrados en el pasaje de 7\u00b0 grado a 1\u00b0 a\u00f1o del secundario.\u00a0<\/p>\n\n\n\n<p>Inicialmente hab\u00eda trascendido que ese d\u00eda no habr\u00eda dictado de clases en los establecimientos de Mendoza.&nbsp;<\/p>\n\n\n\n<p>La participaci\u00f3n ser\u00e1 obligatoria para quienes ense\u00f1an\u00a0<strong>Lengua y Matem\u00e1tica en 7\u00b0 grado y 1\u00b0 a\u00f1o<\/strong>, as\u00ed como para los equipos de articulaci\u00f3n establecidos por la Resoluci\u00f3n DGE 4611\/2023. Tambi\u00e9n est\u00e1n convocados docentes MATE,\u00a0<strong>docentes\u00a0<\/strong>de apoyo a la inclusi\u00f3n y coordinadores pedag\u00f3gicos de ambas modalidades. Las escuelas deber\u00e1n garantizar el normal dictado de clases en los grupos cuyos docentes no est\u00e9n alcanzados por esta convocatoria. Las instituciones privadas tambi\u00e9n est\u00e1n invitadas a sumarse activamente.<\/p>\n\n\n\n<p>Seg\u00fan anunciaron, a partir del lunes 21 de julio estar\u00e1n disponibles en el Portal de la\u00a0<strong>DGE\u00a0<\/strong>los materiales y gu\u00edas para el desarrollo de la jornada. El objetivo principal ser\u00e1 fortalecer la continuidad pedag\u00f3gica entre ambos niveles, haciendo foco en los Saberes Base de Lengua y Matem\u00e1tica. Esta acci\u00f3n busca mejorar el acompa\u00f1amiento de las trayectorias escolares y potenciar la comprensi\u00f3n lectora, la alfabetizaci\u00f3n avanzada y la resoluci\u00f3n de problemas desde una mirada integral.<\/p>\n\n\n\n<p><strong>Fuente: www.diariomendoza.com.ar<\/strong><\/p>\n","protected":false},"excerpt":{"rendered":"<p>La\u00a0Subsecretar\u00eda de Educaci\u00f3n y la Direcci\u00f3n de Planificaci\u00f3n de la Calidad Educativa\u00a0informaron que el\u00a0jueves 24 de julio\u00a0se desarrollar\u00e1 una\u00a0Jornada\u00a0de articulaci\u00f3n entre el Nivel Primario y el Nivel Secundario. A diferencia de otras jornadas institucionales, en esta ocasi\u00f3n\u00a0no se suspender\u00e1n las clases, ya que la actividad estar\u00e1 dirigida \u00fanicamente a equipos directivos, docentes y referentes pedag\u00f3gicos [&hellip;]<\/p>\n","protected":false},"author":2,"featured_media":13995,"comment_status":"open","ping_status":"open","sticky":false,"template":"","format":"standard","meta":[],"categories":[56],"tags":[],"_links":{"self":[{"href":"https:\/\/pasaenmendoza.com\/index.php?rest_route=\/wp\/v2\/posts\/13994"}],"collection":[{"href":"https:\/\/pasaenmendoza.com\/index.php?rest_route=\/wp\/v2\/posts"}],"about":[{"href":"https:\/\/pasaenmendoza.com\/index.php?rest_route=\/wp\/v2\/types\/post"}],"author":[{"embeddable":true,"href":"https:\/\/pasaenmendoza.com\/index.php?rest_route=\/wp\/v2\/users\/2"}],"replies":[{"embeddable":true,"href":"https:\/\/pasaenmendoza.com\/index.php?rest_route=%2Fwp%2Fv2%2Fcomments&post=13994"}],"version-history":[{"count":1,"href":"https:\/\/pasaenmendoza.com\/index.php?rest_route=\/wp\/v2\/posts\/13994\/revisions"}],"predecessor-version":[{"id":13996,"href":"https:\/\/pasaenmendoza.com\/index.php?rest_route=\/wp\/v2\/posts\/13994\/revisions\/13996"}],"wp:featuredmedia":[{"embeddable":true,"href":"https:\/\/pasaenmendoza.com\/index.php?rest_route=\/wp\/v2\/media\/13995"}],"wp:attachment":[{"href":"https:\/\/pasaenmendoza.com\/index.php?rest_route=%2Fwp%2Fv2%2Fmedia&parent=13994"}],"wp:term":[{"taxonomy":"category","embeddable":true,"href":"https:\/\/pasaenmendoza.com\/index.php?rest_route=%2Fwp%2Fv2%2Fcategories&post=13994"},{"taxonomy":"post_tag","embeddable":true,"href":"https:\/\/pasaenmendoza.com\/index.php?rest_route=%2Fwp%2Fv2%2Ftags&post=13994"}],"curies":[{"name":"wp","href":"https:\/\/api.w.org\/{rel}","templated":true}]}}