{"id":14000,"date":"2025-07-17T22:45:41","date_gmt":"2025-07-17T20:45:41","guid":{"rendered":"https:\/\/pasaenmendoza.com\/?p=14000"},"modified":"2025-07-17T22:45:42","modified_gmt":"2025-07-17T20:45:42","slug":"asi-son-los-nuevos-chalecos-armas-y-pistolas-taser-que-usara-la-policia","status":"publish","type":"post","link":"https:\/\/pasaenmendoza.com\/?p=14000","title":{"rendered":"As\u00ed son los nuevos chalecos, armas y pistolas Taser que usar\u00e1 la Polic\u00eda"},"content":{"rendered":"\n<p>El\u00a0<strong>Gobierno de Mendoza\u00a0<\/strong>adquiri\u00f3 nuevo equipamiento policial con el objetivo de reforzar la seguridad y modernizar la fuerza provincial. La inversi\u00f3n se concreta en el marco del mayor presupuesto en bienes de capital del Ministerio de Seguridad y Justicia en los \u00faltimos diez a\u00f1os.<\/p>\n\n\n\n<p>La compra incluye\u00a0<strong>3.000 chalecos antibala<\/strong>,\u00a0<strong>500 pistolas Bersa 9&#215;19 mm<\/strong>,\u00a0<strong>50 escopetas calibre 12\/70<\/strong>\u00a0y\u00a0<strong>130 pistolas Taser 7<\/strong>. Con ello, se apunta a mejorar la protecci\u00f3n del personal, renovar el armamento diario y ampliar los dispositivos de control no letal en situaciones cr\u00edticas.<\/p>\n\n\n\n<p>Los&nbsp;<strong>chalecos antibala<\/strong>&nbsp;adquiridos cuentan con&nbsp;<strong>certificaci\u00f3n bal\u00edstica RB3<\/strong>, son anticortantes y tienen panel antitrauma completo. Tambi\u00e9n incluyen un dise\u00f1o espec\u00edfico para mujeres polic\u00edas, lo que mejora la ergonom\u00eda del equipamiento.<\/p>\n\n\n\n<p>En el caso del armamento, las nuevas pistolas y escopetas llevan grabado el escudo y la leyenda \u201cPolic\u00eda de Mendoza\u201d, reforzando la identidad institucional. Adem\u00e1s, se ampl\u00eda el uso de\u00a0<strong>pistolas Taser 7<\/strong>, con alcance dual y se\u00f1ales disuasivas visuales y sonoras. Su descarga inmoviliza temporalmente sin letalidad y ahora estar\u00e1n disponibles para m\u00e1s personal, previa capacitaci\u00f3n.<\/p>\n\n\n\n<p>El uso de las Taser estar\u00e1 regulado por el Decreto 2155, que establece\u00a0<strong>capacitaci\u00f3n obligatoria, protocolos espec\u00edficos y un registro detallado<\/strong>\u00a0de cada intervenci\u00f3n. Se proh\u00edbe su uso en zonas sensibles del cuerpo y se exige al menos dos a\u00f1os de antig\u00fcedad en la fuerza para su portaci\u00f3n.<\/p>\n\n\n\n<p><strong>Fuente: www.diariomendoza.com.ar<\/strong><\/p>\n","protected":false},"excerpt":{"rendered":"<p>El\u00a0Gobierno de Mendoza\u00a0adquiri\u00f3 nuevo equipamiento policial con el objetivo de reforzar la seguridad y modernizar la fuerza provincial. La inversi\u00f3n se concreta en el marco del mayor presupuesto en bienes de capital del Ministerio de Seguridad y Justicia en los \u00faltimos diez a\u00f1os. La compra incluye\u00a03.000 chalecos antibala,\u00a0500 pistolas Bersa 9&#215;19 mm,\u00a050 escopetas calibre 12\/70\u00a0y\u00a0130 [&hellip;]<\/p>\n","protected":false},"author":2,"featured_media":14001,"comment_status":"open","ping_status":"open","sticky":false,"template":"","format":"standard","meta":[],"categories":[48],"tags":[],"_links":{"self":[{"href":"https:\/\/pasaenmendoza.com\/index.php?rest_route=\/wp\/v2\/posts\/14000"}],"collection":[{"href":"https:\/\/pasaenmendoza.com\/index.php?rest_route=\/wp\/v2\/posts"}],"about":[{"href":"https:\/\/pasaenmendoza.com\/index.php?rest_route=\/wp\/v2\/types\/post"}],"author":[{"embeddable":true,"href":"https:\/\/pasaenmendoza.com\/index.php?rest_route=\/wp\/v2\/users\/2"}],"replies":[{"embeddable":true,"href":"https:\/\/pasaenmendoza.com\/index.php?rest_route=%2Fwp%2Fv2%2Fcomments&post=14000"}],"version-history":[{"count":1,"href":"https:\/\/pasaenmendoza.com\/index.php?rest_route=\/wp\/v2\/posts\/14000\/revisions"}],"predecessor-version":[{"id":14002,"href":"https:\/\/pasaenmendoza.com\/index.php?rest_route=\/wp\/v2\/posts\/14000\/revisions\/14002"}],"wp:featuredmedia":[{"embeddable":true,"href":"https:\/\/pasaenmendoza.com\/index.php?rest_route=\/wp\/v2\/media\/14001"}],"wp:attachment":[{"href":"https:\/\/pasaenmendoza.com\/index.php?rest_route=%2Fwp%2Fv2%2Fmedia&parent=14000"}],"wp:term":[{"taxonomy":"category","embeddable":true,"href":"https:\/\/pasaenmendoza.com\/index.php?rest_route=%2Fwp%2Fv2%2Fcategories&post=14000"},{"taxonomy":"post_tag","embeddable":true,"href":"https:\/\/pasaenmendoza.com\/index.php?rest_route=%2Fwp%2Fv2%2Ftags&post=14000"}],"curies":[{"name":"wp","href":"https:\/\/api.w.org\/{rel}","templated":true}]}}