{"id":14003,"date":"2025-07-18T14:57:39","date_gmt":"2025-07-18T12:57:39","guid":{"rendered":"https:\/\/pasaenmendoza.com\/?p=14003"},"modified":"2025-07-18T14:57:40","modified_gmt":"2025-07-18T12:57:40","slug":"viernes-fresco-en-mendoza-leve-suba-de-temperatura-y-heladas-parciales","status":"publish","type":"post","link":"https:\/\/pasaenmendoza.com\/?p=14003","title":{"rendered":"Viernes fresco en Mendoza: leve suba de temperatura y heladas parciales"},"content":{"rendered":"\n<p>El pron\u00f3stico meteorol\u00f3gico para&nbsp;<strong>Mendoza<\/strong>&nbsp;este&nbsp;<strong>viernes 18 de julio<\/strong>&nbsp;anticipa una jornada con&nbsp;<strong>tiempo bueno<\/strong>,&nbsp;<strong>heladas parciales<\/strong>&nbsp;y una&nbsp;<strong>m\u00e1xima estimada en 19 grados<\/strong>, seg\u00fan la&nbsp;<strong>Direcci\u00f3n de Contingencias Clim\u00e1ticas<\/strong>. La m\u00ednima ser\u00e1 de&nbsp;<strong>2<\/strong>&nbsp;grados.<\/p>\n\n\n\n<p>Durante la ma\u00f1ana no se esperan lluvias, la humedad rondar\u00e1 el&nbsp;<strong>42%<\/strong>&nbsp;y habr\u00e1&nbsp;<strong>vientos leves del sur<\/strong>, con una velocidad promedio de&nbsp;<strong>4 km\/h<\/strong>, de acuerdo con datos del&nbsp;<strong>Servicio Meteorol\u00f3gico Nacional (SMN)<\/strong>.<\/p>\n\n\n\n<p>Por la tarde y noche continuar\u00e1n las\u00a0<strong>condiciones estables<\/strong>, con\u00a0<strong>cielo mayormente despejado<\/strong>\u00a0y\u00a0<strong>vientos leves del noreste y norte<\/strong>, con velocidades de entre\u00a0<strong>4 y 6 km\/h<\/strong>.<\/p>\n\n\n\n<h3 class=\"wp-block-heading\" id=\"h-pronostico-extendido-para-mendoza\">Pron\u00f3stico extendido para Mendoza<\/h3>\n\n\n\n<ul>\n<li><strong>S\u00e1bado.&nbsp;<\/strong>Tiempo bueno, sin grandes cambios t\u00e9rmicos.&nbsp;<strong>M\u00ednima: 5\u00b0C | M\u00e1xima: 20\u00b0C<\/strong><\/li>\n\n\n\n<li><strong>Domingo.&nbsp;<\/strong>El&nbsp;<strong>D\u00eda del Amigo<\/strong>&nbsp;se presentar\u00e1 con cielo despejado con temperaturas agradables. Desmejora en cordillera hacia la noche.&nbsp;<strong>M\u00ednima: 6\u00b0C | M\u00e1xima: 21\u00b0C<\/strong><\/li>\n\n\n\n<li><strong>Lunes.&nbsp;<\/strong>\u00daltima jornada con tiempo templado antes del ingreso de un frente fr\u00edo el martes.<\/li>\n<\/ul>\n\n\n\n<p><strong>Fuente: www.elsol.com.ar<\/strong><\/p>\n","protected":false},"excerpt":{"rendered":"<p>El pron\u00f3stico meteorol\u00f3gico para&nbsp;Mendoza&nbsp;este&nbsp;viernes 18 de julio&nbsp;anticipa una jornada con&nbsp;tiempo bueno,&nbsp;heladas parciales&nbsp;y una&nbsp;m\u00e1xima estimada en 19 grados, seg\u00fan la&nbsp;Direcci\u00f3n de Contingencias Clim\u00e1ticas. La m\u00ednima ser\u00e1 de&nbsp;2&nbsp;grados. Durante la ma\u00f1ana no se esperan lluvias, la humedad rondar\u00e1 el&nbsp;42%&nbsp;y habr\u00e1&nbsp;vientos leves del sur, con una velocidad promedio de&nbsp;4 km\/h, de acuerdo con datos del&nbsp;Servicio Meteorol\u00f3gico Nacional (SMN). [&hellip;]<\/p>\n","protected":false},"author":2,"featured_media":14004,"comment_status":"open","ping_status":"open","sticky":false,"template":"","format":"standard","meta":[],"categories":[52],"tags":[],"_links":{"self":[{"href":"https:\/\/pasaenmendoza.com\/index.php?rest_route=\/wp\/v2\/posts\/14003"}],"collection":[{"href":"https:\/\/pasaenmendoza.com\/index.php?rest_route=\/wp\/v2\/posts"}],"about":[{"href":"https:\/\/pasaenmendoza.com\/index.php?rest_route=\/wp\/v2\/types\/post"}],"author":[{"embeddable":true,"href":"https:\/\/pasaenmendoza.com\/index.php?rest_route=\/wp\/v2\/users\/2"}],"replies":[{"embeddable":true,"href":"https:\/\/pasaenmendoza.com\/index.php?rest_route=%2Fwp%2Fv2%2Fcomments&post=14003"}],"version-history":[{"count":1,"href":"https:\/\/pasaenmendoza.com\/index.php?rest_route=\/wp\/v2\/posts\/14003\/revisions"}],"predecessor-version":[{"id":14005,"href":"https:\/\/pasaenmendoza.com\/index.php?rest_route=\/wp\/v2\/posts\/14003\/revisions\/14005"}],"wp:featuredmedia":[{"embeddable":true,"href":"https:\/\/pasaenmendoza.com\/index.php?rest_route=\/wp\/v2\/media\/14004"}],"wp:attachment":[{"href":"https:\/\/pasaenmendoza.com\/index.php?rest_route=%2Fwp%2Fv2%2Fmedia&parent=14003"}],"wp:term":[{"taxonomy":"category","embeddable":true,"href":"https:\/\/pasaenmendoza.com\/index.php?rest_route=%2Fwp%2Fv2%2Fcategories&post=14003"},{"taxonomy":"post_tag","embeddable":true,"href":"https:\/\/pasaenmendoza.com\/index.php?rest_route=%2Fwp%2Fv2%2Ftags&post=14003"}],"curies":[{"name":"wp","href":"https:\/\/api.w.org\/{rel}","templated":true}]}}