{"id":14012,"date":"2025-07-21T15:26:00","date_gmt":"2025-07-21T13:26:00","guid":{"rendered":"https:\/\/pasaenmendoza.com\/?p=14012"},"modified":"2025-07-21T15:26:01","modified_gmt":"2025-07-21T13:26:01","slug":"el-tiempo-en-mendoza-para-este-lunes-vuelve-el-zonda-y-despues-el-frente-frio","status":"publish","type":"post","link":"https:\/\/pasaenmendoza.com\/?p=14012","title":{"rendered":"El tiempo en Mendoza para este lunes: vuelve el Zonda y despu\u00e9s el frente fr\u00edo"},"content":{"rendered":"\n<p>La&nbsp;<strong>temperatura m\u00e1xima para este lunes estar\u00e1 entre los 16 y los 19 grados cent\u00edgrados<\/strong>, mientras que&nbsp;<strong>la m\u00ednima se ubicar\u00e1 en los 3 y 7 grados cent\u00edgrados.<\/strong><\/p>\n\n\n\n<p>El pron\u00f3stico de la Direcci\u00f3n de Contingencias Clim\u00e1ticas indic\u00f3 que estar\u00e1 \u201c<em>parcialmente nublado y ventoso con descenso de la temperatura, vientos moderados del sudeste<\/em>\u201c.<\/p>\n\n\n\n<p>El viento<strong>\u00a0Zonda se espera en precordiller<\/strong>a desde el mediod\u00eda de manera leve. en Malarg\u00fce se sentir\u00e1n las r\u00e1fagas desde las 13, aproximadamente hasta las 20.<\/p>\n\n\n\n<p><strong>No se espera que el Zonda descienda al llano.<\/strong><\/p>\n\n\n\n<p>Para los que circular\u00e1n por alta monta\u00f1a: \u201c<em>Nevadas en cordillera<\/em>\u201d hacia la tarde\/noche.<\/p>\n\n\n\n<p><strong>Por la noche, se aguarda el ingreso de frente fr\u00edo.<\/strong>\u00a0El\u00a0<strong>viento sur<\/strong>\u00a0continuo afectar\u00e1 primero la zona Sur y posterormente avanzar\u00e1 hacia la zona Norte-Este.<\/p>\n\n\n\n<p><strong>Fuente: www.elsol.com.ar<\/strong><\/p>\n","protected":false},"excerpt":{"rendered":"<p>La&nbsp;temperatura m\u00e1xima para este lunes estar\u00e1 entre los 16 y los 19 grados cent\u00edgrados, mientras que&nbsp;la m\u00ednima se ubicar\u00e1 en los 3 y 7 grados cent\u00edgrados. El pron\u00f3stico de la Direcci\u00f3n de Contingencias Clim\u00e1ticas indic\u00f3 que estar\u00e1 \u201cparcialmente nublado y ventoso con descenso de la temperatura, vientos moderados del sudeste\u201c. El viento\u00a0Zonda se espera en [&hellip;]<\/p>\n","protected":false},"author":2,"featured_media":14013,"comment_status":"open","ping_status":"open","sticky":false,"template":"","format":"standard","meta":[],"categories":[52],"tags":[],"_links":{"self":[{"href":"https:\/\/pasaenmendoza.com\/index.php?rest_route=\/wp\/v2\/posts\/14012"}],"collection":[{"href":"https:\/\/pasaenmendoza.com\/index.php?rest_route=\/wp\/v2\/posts"}],"about":[{"href":"https:\/\/pasaenmendoza.com\/index.php?rest_route=\/wp\/v2\/types\/post"}],"author":[{"embeddable":true,"href":"https:\/\/pasaenmendoza.com\/index.php?rest_route=\/wp\/v2\/users\/2"}],"replies":[{"embeddable":true,"href":"https:\/\/pasaenmendoza.com\/index.php?rest_route=%2Fwp%2Fv2%2Fcomments&post=14012"}],"version-history":[{"count":1,"href":"https:\/\/pasaenmendoza.com\/index.php?rest_route=\/wp\/v2\/posts\/14012\/revisions"}],"predecessor-version":[{"id":14014,"href":"https:\/\/pasaenmendoza.com\/index.php?rest_route=\/wp\/v2\/posts\/14012\/revisions\/14014"}],"wp:featuredmedia":[{"embeddable":true,"href":"https:\/\/pasaenmendoza.com\/index.php?rest_route=\/wp\/v2\/media\/14013"}],"wp:attachment":[{"href":"https:\/\/pasaenmendoza.com\/index.php?rest_route=%2Fwp%2Fv2%2Fmedia&parent=14012"}],"wp:term":[{"taxonomy":"category","embeddable":true,"href":"https:\/\/pasaenmendoza.com\/index.php?rest_route=%2Fwp%2Fv2%2Fcategories&post=14012"},{"taxonomy":"post_tag","embeddable":true,"href":"https:\/\/pasaenmendoza.com\/index.php?rest_route=%2Fwp%2Fv2%2Ftags&post=14012"}],"curies":[{"name":"wp","href":"https:\/\/api.w.org\/{rel}","templated":true}]}}