{"id":14018,"date":"2025-07-21T15:38:18","date_gmt":"2025-07-21T13:38:18","guid":{"rendered":"https:\/\/pasaenmendoza.com\/?p=14018"},"modified":"2025-07-21T15:38:19","modified_gmt":"2025-07-21T13:38:19","slug":"reclamo-salarial-trabajadores-del-notti-realizaron-una-vigilia","status":"publish","type":"post","link":"https:\/\/pasaenmendoza.com\/?p=14018","title":{"rendered":"Reclamo salarial: trabajadores del Notti realizaron una vigilia"},"content":{"rendered":"\n<p>En la&nbsp;<strong>noche de este domingo, trabajadores del Hospital Notti realizaron una vigilia<\/strong>&nbsp;en protesta por sus condiciones salariales. Los manifestantes expresaron su frustraci\u00f3n con mensajes como: &#8220;Estamos cansados de que no se reconozca el trabajo de la salud. Entregamos la vida por sueldos miserables&#8221;. Adem\u00e1s, se\u00f1alaron que la vigilia se llev\u00f3 a cabo &#8220;un d\u00eda antes de que el gremio, que a muchos de nosotros no nos representa, y el Gobierno se re\u00fanan&#8221;.&nbsp;<\/p>\n\n\n\n<p>Los trabajadores del R\u00e9gimen 15, incluyendo administrativos, t\u00e9cnicos, licenciados y personal de servicios generales y mantenimiento, se reunieron para exigir mejoras salariales. La protesta se realiz\u00f3 en\u00a0<strong>v\u00edsperas de una reuni\u00f3n entre el gremio ATE (Asociaci\u00f3n de Trabajadores del Estado) y el Gobierno provincial.<\/strong><\/p>\n\n\n\n<p>El 10 de julio, ATE y el Gobierno se reunieron, pero la propuesta de incremento salarial presentada por el Gobierno fue considerada insuficiente. Roberto Macho, Secretario General de ATE Mendoza, explic\u00f3 que la oferta consist\u00eda en un aumento del 4% para julio, manteniendo bonos de $35.000 y $45.000, a la espera de un acuerdo sobre el Convenio Colectivo de Trabajo.<\/p>\n\n\n\n<p>ATE Mendoza rechaz\u00f3 la propuesta, argumentando que un bono &#8220;en negro&#8221; no soluciona los problemas de fondo. El sindicato demanda un salario acorde al costo de la canasta alimentaria, estimado en m\u00e1s de $1.300.000, el pase a planta de trabajadores contratados y prestadores, y el cambio de r\u00e9gimen para los Licenciados en Enfermer\u00eda con el pago de retroactivos correspondientes.<\/p>\n\n\n\n<p>&#8220;Los trabajadores choferes, t\u00e9cnicos, enfermeros, administrativos, mantenimiento y producci\u00f3n, y servicios generales, tienen que estar contemplados con un incremento salarial que solvente las necesidades b\u00e1sicas&#8221;, declar\u00f3 Macho. ATE solicit\u00f3 un cuarto intermedio hasta agosto, pero advirti\u00f3 que no aceptar\u00e1 la precarizaci\u00f3n laboral de los trabajadores de la salud y desarrollo social.<\/p>\n\n\n\n<p><strong>Fuente: www.mendozapost.com<\/strong><\/p>\n","protected":false},"excerpt":{"rendered":"<p>En la&nbsp;noche de este domingo, trabajadores del Hospital Notti realizaron una vigilia&nbsp;en protesta por sus condiciones salariales. Los manifestantes expresaron su frustraci\u00f3n con mensajes como: &#8220;Estamos cansados de que no se reconozca el trabajo de la salud. Entregamos la vida por sueldos miserables&#8221;. Adem\u00e1s, se\u00f1alaron que la vigilia se llev\u00f3 a cabo &#8220;un d\u00eda antes [&hellip;]<\/p>\n","protected":false},"author":2,"featured_media":14019,"comment_status":"open","ping_status":"open","sticky":false,"template":"","format":"standard","meta":[],"categories":[50],"tags":[],"_links":{"self":[{"href":"https:\/\/pasaenmendoza.com\/index.php?rest_route=\/wp\/v2\/posts\/14018"}],"collection":[{"href":"https:\/\/pasaenmendoza.com\/index.php?rest_route=\/wp\/v2\/posts"}],"about":[{"href":"https:\/\/pasaenmendoza.com\/index.php?rest_route=\/wp\/v2\/types\/post"}],"author":[{"embeddable":true,"href":"https:\/\/pasaenmendoza.com\/index.php?rest_route=\/wp\/v2\/users\/2"}],"replies":[{"embeddable":true,"href":"https:\/\/pasaenmendoza.com\/index.php?rest_route=%2Fwp%2Fv2%2Fcomments&post=14018"}],"version-history":[{"count":1,"href":"https:\/\/pasaenmendoza.com\/index.php?rest_route=\/wp\/v2\/posts\/14018\/revisions"}],"predecessor-version":[{"id":14020,"href":"https:\/\/pasaenmendoza.com\/index.php?rest_route=\/wp\/v2\/posts\/14018\/revisions\/14020"}],"wp:featuredmedia":[{"embeddable":true,"href":"https:\/\/pasaenmendoza.com\/index.php?rest_route=\/wp\/v2\/media\/14019"}],"wp:attachment":[{"href":"https:\/\/pasaenmendoza.com\/index.php?rest_route=%2Fwp%2Fv2%2Fmedia&parent=14018"}],"wp:term":[{"taxonomy":"category","embeddable":true,"href":"https:\/\/pasaenmendoza.com\/index.php?rest_route=%2Fwp%2Fv2%2Fcategories&post=14018"},{"taxonomy":"post_tag","embeddable":true,"href":"https:\/\/pasaenmendoza.com\/index.php?rest_route=%2Fwp%2Fv2%2Ftags&post=14018"}],"curies":[{"name":"wp","href":"https:\/\/api.w.org\/{rel}","templated":true}]}}