{"id":1402,"date":"2023-09-12T16:08:53","date_gmt":"2023-09-12T14:08:53","guid":{"rendered":"https:\/\/pasaenmendoza.com\/?p=1402"},"modified":"2023-09-12T16:08:54","modified_gmt":"2023-09-12T14:08:54","slug":"le-robaron-el-auto-a-un-remisero-en-ciudad","status":"publish","type":"post","link":"https:\/\/pasaenmendoza.com\/?p=1402","title":{"rendered":"Le robaron el auto a un remisero en Ciudad"},"content":{"rendered":"\n<p><strong>Un hombre de 29 a\u00f1os<\/strong>, identificado como F. P., se convirti\u00f3 en v\u00edctima de un\u00a0<strong>asalto a mano armada<\/strong>. El hecho tuvo lugar a las 22:10 horas en la intersecci\u00f3n de las calles Cristo Redentor y Bicentenario,\u00a0<strong>en Ciudad<\/strong>.<\/p>\n\n\n\n<p>Seg\u00fan los detalles proporcionados por las autoridades policiales de la\u00a0<strong>Comisar\u00eda 33\u00b0\u00a0<\/strong>de Ciudad, F. P. se encontraba cumpliendo sus tareas como\u00a0<strong>chofer de un remis no autorizado<\/strong>\u00a0cuando sucedi\u00f3 el asalto. El individuo, abordado por dos desconocidos, se dispon\u00eda a buscar a un cliente en su autom\u00f3vil, un Renault 12, cuando los sospechosos procedieron a cometer el robo.<\/p>\n\n\n\n<p>Los delincuentes, quienes portaban un\u00a0<strong>arma de fuego<\/strong>, lo amenazaron con violencia y\u00a0<strong>se apoderaron del veh\u00edculo<\/strong>.<\/p>\n\n\n\n<p>Ante la gravedad del incidente, la\u00a0<strong>Oficina Fiscal N\u00b02 de la Comisar\u00eda 6\u00b0<\/strong>\u00a0de la Ciudad\u00a0 comenz\u00f3 con las investigaciones pertinentes para identificar y capturar a los responsables de este asalto<\/p>\n\n\n\n<p><strong>Fuente: www.mendozapost.com<\/strong><\/p>\n","protected":false},"excerpt":{"rendered":"<p>Un hombre de 29 a\u00f1os, identificado como F. P., se convirti\u00f3 en v\u00edctima de un\u00a0asalto a mano armada. El hecho tuvo lugar a las 22:10 horas en la intersecci\u00f3n de las calles Cristo Redentor y Bicentenario,\u00a0en Ciudad. Seg\u00fan los detalles proporcionados por las autoridades policiales de la\u00a0Comisar\u00eda 33\u00b0\u00a0de Ciudad, F. P. se encontraba cumpliendo sus [&hellip;]<\/p>\n","protected":false},"author":2,"featured_media":1403,"comment_status":"open","ping_status":"open","sticky":false,"template":"","format":"standard","meta":[],"categories":[48],"tags":[],"_links":{"self":[{"href":"https:\/\/pasaenmendoza.com\/index.php?rest_route=\/wp\/v2\/posts\/1402"}],"collection":[{"href":"https:\/\/pasaenmendoza.com\/index.php?rest_route=\/wp\/v2\/posts"}],"about":[{"href":"https:\/\/pasaenmendoza.com\/index.php?rest_route=\/wp\/v2\/types\/post"}],"author":[{"embeddable":true,"href":"https:\/\/pasaenmendoza.com\/index.php?rest_route=\/wp\/v2\/users\/2"}],"replies":[{"embeddable":true,"href":"https:\/\/pasaenmendoza.com\/index.php?rest_route=%2Fwp%2Fv2%2Fcomments&post=1402"}],"version-history":[{"count":1,"href":"https:\/\/pasaenmendoza.com\/index.php?rest_route=\/wp\/v2\/posts\/1402\/revisions"}],"predecessor-version":[{"id":1404,"href":"https:\/\/pasaenmendoza.com\/index.php?rest_route=\/wp\/v2\/posts\/1402\/revisions\/1404"}],"wp:featuredmedia":[{"embeddable":true,"href":"https:\/\/pasaenmendoza.com\/index.php?rest_route=\/wp\/v2\/media\/1403"}],"wp:attachment":[{"href":"https:\/\/pasaenmendoza.com\/index.php?rest_route=%2Fwp%2Fv2%2Fmedia&parent=1402"}],"wp:term":[{"taxonomy":"category","embeddable":true,"href":"https:\/\/pasaenmendoza.com\/index.php?rest_route=%2Fwp%2Fv2%2Fcategories&post=1402"},{"taxonomy":"post_tag","embeddable":true,"href":"https:\/\/pasaenmendoza.com\/index.php?rest_route=%2Fwp%2Fv2%2Ftags&post=1402"}],"curies":[{"name":"wp","href":"https:\/\/api.w.org\/{rel}","templated":true}]}}