{"id":14021,"date":"2025-07-21T15:44:20","date_gmt":"2025-07-21T13:44:20","guid":{"rendered":"https:\/\/pasaenmendoza.com\/?p=14021"},"modified":"2025-07-21T15:44:21","modified_gmt":"2025-07-21T13:44:21","slug":"a-dias-del-feriado-por-patrono-santiago-cuando-es-el-proximo-fin-de-semana-largo","status":"publish","type":"post","link":"https:\/\/pasaenmendoza.com\/?p=14021","title":{"rendered":"A d\u00edas del feriado por Patrono Santiago, cu\u00e1ndo es el pr\u00f3ximo fin de semana largo"},"content":{"rendered":"\n<p>Este&nbsp;<strong>viernes 25 de julio<\/strong>&nbsp;ser\u00e1&nbsp;<strong>feriado provincial en Mendoza<\/strong>&nbsp;por la celebraci\u00f3n del&nbsp;<strong>Patrono Santiago<\/strong>, una de las fechas religiosas m\u00e1s importantes para la provincia.&nbsp;<\/p>\n\n\n\n<p>Aunque el feriado de este viernes es exclusivo de Mendoza, muchos ya empiezan a mirar el calendario nacional:&nbsp;<strong>el pr\u00f3ximo fin de semana largo ser\u00e1 del viernes 15 al lunes 18 de agosto,&nbsp;<\/strong>gracias a un d\u00eda no laborable con fines tur\u00edsticos decretado por el Gobierno.<\/p>\n\n\n\n<p>Este feriado se da por el\u00a0<strong>traslado del D\u00eda del Paso a la Inmortalidad del General Jos\u00e9 de San Mart\u00edn<\/strong>, que cae el 17 de agosto (domingo) y se mover\u00e1 al viernes anterior. La medida busca fomentar el turismo interno, aunque al tratarse de un d\u00eda no laborable, su cumplimiento queda a criterio de cada empleador, especialmente en el sector privado.<\/p>\n\n\n\n<p>El Ejecutivo de Javier Milei elimin\u00f3 los cl\u00e1sicos &#8220;feriados puente&#8221; y los reemplaz\u00f3 por d\u00edas no laborables estrat\u00e9gicamente ubicados en el calendario.&nbsp;<\/p>\n\n\n\n<p>As\u00ed, Mendoza vivir\u00e1 un descanso anticipado este viernes, mientras que el resto del pa\u00eds se prepara para aprovechar el pr\u00f3ximo fin de semana largo.<\/p>\n\n\n\n<p><strong>Fuente: www.mendozapost.com<\/strong><\/p>\n","protected":false},"excerpt":{"rendered":"<p>Este&nbsp;viernes 25 de julio&nbsp;ser\u00e1&nbsp;feriado provincial en Mendoza&nbsp;por la celebraci\u00f3n del&nbsp;Patrono Santiago, una de las fechas religiosas m\u00e1s importantes para la provincia.&nbsp; Aunque el feriado de este viernes es exclusivo de Mendoza, muchos ya empiezan a mirar el calendario nacional:&nbsp;el pr\u00f3ximo fin de semana largo ser\u00e1 del viernes 15 al lunes 18 de agosto,&nbsp;gracias a un [&hellip;]<\/p>\n","protected":false},"author":2,"featured_media":14022,"comment_status":"open","ping_status":"open","sticky":false,"template":"","format":"standard","meta":[],"categories":[50],"tags":[],"_links":{"self":[{"href":"https:\/\/pasaenmendoza.com\/index.php?rest_route=\/wp\/v2\/posts\/14021"}],"collection":[{"href":"https:\/\/pasaenmendoza.com\/index.php?rest_route=\/wp\/v2\/posts"}],"about":[{"href":"https:\/\/pasaenmendoza.com\/index.php?rest_route=\/wp\/v2\/types\/post"}],"author":[{"embeddable":true,"href":"https:\/\/pasaenmendoza.com\/index.php?rest_route=\/wp\/v2\/users\/2"}],"replies":[{"embeddable":true,"href":"https:\/\/pasaenmendoza.com\/index.php?rest_route=%2Fwp%2Fv2%2Fcomments&post=14021"}],"version-history":[{"count":1,"href":"https:\/\/pasaenmendoza.com\/index.php?rest_route=\/wp\/v2\/posts\/14021\/revisions"}],"predecessor-version":[{"id":14023,"href":"https:\/\/pasaenmendoza.com\/index.php?rest_route=\/wp\/v2\/posts\/14021\/revisions\/14023"}],"wp:featuredmedia":[{"embeddable":true,"href":"https:\/\/pasaenmendoza.com\/index.php?rest_route=\/wp\/v2\/media\/14022"}],"wp:attachment":[{"href":"https:\/\/pasaenmendoza.com\/index.php?rest_route=%2Fwp%2Fv2%2Fmedia&parent=14021"}],"wp:term":[{"taxonomy":"category","embeddable":true,"href":"https:\/\/pasaenmendoza.com\/index.php?rest_route=%2Fwp%2Fv2%2Fcategories&post=14021"},{"taxonomy":"post_tag","embeddable":true,"href":"https:\/\/pasaenmendoza.com\/index.php?rest_route=%2Fwp%2Fv2%2Ftags&post=14021"}],"curies":[{"name":"wp","href":"https:\/\/api.w.org\/{rel}","templated":true}]}}