{"id":14024,"date":"2025-07-22T00:44:14","date_gmt":"2025-07-21T22:44:14","guid":{"rendered":"https:\/\/pasaenmendoza.com\/?p=14024"},"modified":"2025-07-22T00:44:15","modified_gmt":"2025-07-21T22:44:15","slug":"el-gobierno-propuso-que-cada-municipio-tenga-su-propio-plan-para-la-basura","status":"publish","type":"post","link":"https:\/\/pasaenmendoza.com\/?p=14024","title":{"rendered":"El Gobierno propuso que cada municipio tenga su propio plan para la basura"},"content":{"rendered":"\n<p><strong>La ministra de Energ\u00eda y Ambiente, Jimena Latorre<\/strong>, encabez\u00f3 este lunes la presentaci\u00f3n del proyecto de Ley de Gesti\u00f3n Integral de Residuos S\u00f3lidos Urbanos ante la&nbsp;<strong>Comisi\u00f3n Conjunta de Ambiente y Hacienda del Senado provincial<\/strong>.<\/p>\n\n\n\n<p>La propuesta impulsada desde la cartera tienen un objetivo central de renovar y modernizar el marco legal que regula el tratamiento de los residuos en todo Mendoza y que&nbsp;<strong>cada municipio elabore su propio plan de gesti\u00f3n&nbsp;<\/strong>dentro de una estrategia provincial com\u00fan que contemple las distintas realidades territoriales.<\/p>\n\n\n\n<p>Durante su exposici\u00f3n, Latorre explic\u00f3 que la normativa vigente, la Ley N\u00b05970, data del a\u00f1o 1992 y ha demostrado ser ineficaz en sus resultados:\u00a0<em>\u201c<strong>Tenemos m\u00e1s de 52 basurales en Mendoza. Evidentemente, la estrategia implementada no ha sido adecuada. Los resultados nos remiten a esa evidencia<\/strong>\u201d<\/em>, sentenci\u00f3.<\/p>\n\n\n\n<p>La ministra se\u00f1al\u00f3 que la actual legislaci\u00f3n establece un esquema de responsabilidades donde&nbsp;<strong>la Provincia act\u00faa como asesor<\/strong>&nbsp;y&nbsp;<strong>los municipios cargan con el rol operativo<\/strong>, pero tras 33 a\u00f1os de implementaci\u00f3n, no se ha logrado una gesti\u00f3n eficiente de los residuos.<\/p>\n\n\n\n<p><em>\u201cEl proyecto que hemos enviado a la Legislatura busca establecer un sistema de administraci\u00f3n y gesti\u00f3n\u00a0<strong>integral<\/strong>\u00a0en todo el territorio provincial\u201d<\/em>, indic\u00f3. Y agreg\u00f3:<em>\u00a0\u201cLa Ley 5970 es previa a la reforma constitucional de 1994, que incorpor\u00f3 derechos ambientales y redefini\u00f3 competencias. Es hora de actualizar ese marco y de que la provincia asuma una\u00a0<strong>responsabilidad activa y concreta en la planificaci\u00f3n y ejecuci\u00f3n<\/strong>\u00a0de esta pol\u00edtica p\u00fablica\u201d<\/em>.<\/p>\n\n\n\n<p>Latorre tambi\u00e9n propuso una l\u00f3gica similar a la que se aplic\u00f3 con los planes de ordenamiento territorial: que&nbsp;<strong>cada municipio elabore su propio plan de gesti\u00f3n de residuos<\/strong>, pero dentro de una estrategia provincial que contemple las distintas realidades territoriales.<\/p>\n\n\n\n<p>Uno de los pilares centrales de la nueva ley es la incorporaci\u00f3n del concepto de\u00a0<strong>econom\u00eda circular<\/strong>. Latorre remarc\u00f3 la importancia de diferenciar entre basura y residuos: \u201c<em><strong>Lo que debe llegar a disposici\u00f3n final debe ser apenas entre un 3 y un 5% de lo que se genera<\/strong>. El resto puede ser resignificado como activo para sectores productivos\u201d<\/em>.<\/p>\n\n\n\n<p>Este enfoque permitir\u00eda generar oportunidades econ\u00f3micas y promover la inversi\u00f3n en tecnolog\u00eda, log\u00edstica y trazabilidad para un sistema de gesti\u00f3n m\u00e1s eficiente.&nbsp;<em>\u201c<strong>Lo que hoy consideramos basura puede convertirse en insumos con valor econ\u00f3mico y social<\/strong>\u201d<\/em>, expres\u00f3.<\/p>\n\n\n\n<p>Adem\u00e1s, subray\u00f3 que la infraestructura para una disposici\u00f3n final segura ser\u00e1 clave no solo para la gesti\u00f3n p\u00fablica, sino tambi\u00e9n para el sector privado:\u00a0<em>\u201c<strong>Los inversores hoy requieren certificados de disposici\u00f3n final segura para poder acceder a financiamiento. Si la Provincia y los municipios no est\u00e1n preparados para otorgarlos, terminamos siendo un obst\u00e1culo en lugar de un facilitador<\/strong>\u201d<\/em>.<\/p>\n\n\n\n<p>Otro de los cap\u00edtulos fundamentales del proyecto es el de&nbsp;<strong>educaci\u00f3n y capacitaci\u00f3n ambiental<\/strong>. La ministra destac\u00f3 que, aunque hay municipios y escuelas que ya desarrollan estas pr\u00e1cticas, el impacto se pierde si no existe un sistema efectivo de recolecci\u00f3n y tratamiento.&nbsp;<em>\u201c<strong>Los chicos pueden ser los mejores comunicadores del cambio, pero si despu\u00e9s en casa todo va al mismo cami\u00f3n, se frustran esos esfuerzos<\/strong>\u201d<\/em>, afirm\u00f3.<\/p>\n\n\n\n<p>La iniciativa\u00a0<strong>propone articular la educaci\u00f3n formal con pol\u00edticas concretas de gesti\u00f3n<\/strong>, involucrando a todos los niveles del Estado y al sector privado en la\u00a0<strong>implementaci\u00f3n de un sistema sostenible y funcional<\/strong>.<\/p>\n\n\n\n<p>Latorre destac\u00f3 que el proyecto se encuentra en etapa de tratamiento legislativo y a\u00fan no ha recibido pedidos formales de modificaci\u00f3n. Sin embargo, remarc\u00f3 que<em>&nbsp;\u201c<strong>estamos abiertos a cualquier aporte desde ese \u00e1mbito<\/strong>\u201d<\/em>&nbsp;y asegur\u00f3 que el Ministerio ha continuado el trabajo con municipios y sus \u00e1reas de servicios p\u00fablicos y ambiente durante el receso parlamentario.<\/p>\n\n\n\n<p>El desaf\u00edo, seg\u00fan la funcionaria, es<strong>\u00a0lograr los consensos necesarios<\/strong>\u00a0para que Mendoza cuente con una\u00a0<strong>legislaci\u00f3n moderna y efectiva\u00a0<\/strong>para enfrentar uno de los desaf\u00edos m\u00e1s urgentes de su agenda ambiental:\u00a0<strong>el tratamiento de los residuos s\u00f3lidos urbanos<\/strong>.<\/p>\n\n\n\n<p><strong>Fuente: www.elsol.com.ar<\/strong><\/p>\n","protected":false},"excerpt":{"rendered":"<p>La ministra de Energ\u00eda y Ambiente, Jimena Latorre, encabez\u00f3 este lunes la presentaci\u00f3n del proyecto de Ley de Gesti\u00f3n Integral de Residuos S\u00f3lidos Urbanos ante la&nbsp;Comisi\u00f3n Conjunta de Ambiente y Hacienda del Senado provincial. La propuesta impulsada desde la cartera tienen un objetivo central de renovar y modernizar el marco legal que regula el tratamiento [&hellip;]<\/p>\n","protected":false},"author":2,"featured_media":14025,"comment_status":"open","ping_status":"open","sticky":false,"template":"","format":"standard","meta":[],"categories":[50],"tags":[],"_links":{"self":[{"href":"https:\/\/pasaenmendoza.com\/index.php?rest_route=\/wp\/v2\/posts\/14024"}],"collection":[{"href":"https:\/\/pasaenmendoza.com\/index.php?rest_route=\/wp\/v2\/posts"}],"about":[{"href":"https:\/\/pasaenmendoza.com\/index.php?rest_route=\/wp\/v2\/types\/post"}],"author":[{"embeddable":true,"href":"https:\/\/pasaenmendoza.com\/index.php?rest_route=\/wp\/v2\/users\/2"}],"replies":[{"embeddable":true,"href":"https:\/\/pasaenmendoza.com\/index.php?rest_route=%2Fwp%2Fv2%2Fcomments&post=14024"}],"version-history":[{"count":1,"href":"https:\/\/pasaenmendoza.com\/index.php?rest_route=\/wp\/v2\/posts\/14024\/revisions"}],"predecessor-version":[{"id":14026,"href":"https:\/\/pasaenmendoza.com\/index.php?rest_route=\/wp\/v2\/posts\/14024\/revisions\/14026"}],"wp:featuredmedia":[{"embeddable":true,"href":"https:\/\/pasaenmendoza.com\/index.php?rest_route=\/wp\/v2\/media\/14025"}],"wp:attachment":[{"href":"https:\/\/pasaenmendoza.com\/index.php?rest_route=%2Fwp%2Fv2%2Fmedia&parent=14024"}],"wp:term":[{"taxonomy":"category","embeddable":true,"href":"https:\/\/pasaenmendoza.com\/index.php?rest_route=%2Fwp%2Fv2%2Fcategories&post=14024"},{"taxonomy":"post_tag","embeddable":true,"href":"https:\/\/pasaenmendoza.com\/index.php?rest_route=%2Fwp%2Fv2%2Ftags&post=14024"}],"curies":[{"name":"wp","href":"https:\/\/api.w.org\/{rel}","templated":true}]}}