{"id":14027,"date":"2025-07-22T15:55:41","date_gmt":"2025-07-22T13:55:41","guid":{"rendered":"https:\/\/pasaenmendoza.com\/?p=14027"},"modified":"2025-07-22T15:55:42","modified_gmt":"2025-07-22T13:55:42","slug":"el-tiempo-en-mendoza-baja-la-temperatura-este-martes","status":"publish","type":"post","link":"https:\/\/pasaenmendoza.com\/?p=14027","title":{"rendered":"El tiempo en Mendoza: baja la temperatura este martes"},"content":{"rendered":"\n<p>La&nbsp;<strong>temperatura m\u00e1xima para este martes ser\u00e1 de 14 grados cent\u00edgrados<\/strong>, mientras que la&nbsp;<strong>m\u00ednima alcanzar\u00e1 apenas los 4 grados cent\u00edgrados.<\/strong><\/p>\n\n\n\n<p>La Direcci\u00f3n de Contingencias Clim\u00e1ticas adelant\u00f3 que estar\u00e1 \u201c<em>parcialmente nublado y ventoso con descenso de la temperatura, vientos moderados del sudeste<\/em>\u201c.<\/p>\n\n\n\n<p>Para los que circulen por la alta monta\u00f1a: \u201c<em>Parcialmente nublado en cordillera<\/em>\u201c.<\/p>\n\n\n\n<p><strong>Fuente: www.elsol.com.ar<\/strong><\/p>\n","protected":false},"excerpt":{"rendered":"<p>La&nbsp;temperatura m\u00e1xima para este martes ser\u00e1 de 14 grados cent\u00edgrados, mientras que la&nbsp;m\u00ednima alcanzar\u00e1 apenas los 4 grados cent\u00edgrados. La Direcci\u00f3n de Contingencias Clim\u00e1ticas adelant\u00f3 que estar\u00e1 \u201cparcialmente nublado y ventoso con descenso de la temperatura, vientos moderados del sudeste\u201c. Para los que circulen por la alta monta\u00f1a: \u201cParcialmente nublado en cordillera\u201c. Fuente: www.elsol.com.ar<\/p>\n","protected":false},"author":2,"featured_media":14028,"comment_status":"open","ping_status":"open","sticky":false,"template":"","format":"standard","meta":[],"categories":[52],"tags":[],"_links":{"self":[{"href":"https:\/\/pasaenmendoza.com\/index.php?rest_route=\/wp\/v2\/posts\/14027"}],"collection":[{"href":"https:\/\/pasaenmendoza.com\/index.php?rest_route=\/wp\/v2\/posts"}],"about":[{"href":"https:\/\/pasaenmendoza.com\/index.php?rest_route=\/wp\/v2\/types\/post"}],"author":[{"embeddable":true,"href":"https:\/\/pasaenmendoza.com\/index.php?rest_route=\/wp\/v2\/users\/2"}],"replies":[{"embeddable":true,"href":"https:\/\/pasaenmendoza.com\/index.php?rest_route=%2Fwp%2Fv2%2Fcomments&post=14027"}],"version-history":[{"count":1,"href":"https:\/\/pasaenmendoza.com\/index.php?rest_route=\/wp\/v2\/posts\/14027\/revisions"}],"predecessor-version":[{"id":14029,"href":"https:\/\/pasaenmendoza.com\/index.php?rest_route=\/wp\/v2\/posts\/14027\/revisions\/14029"}],"wp:featuredmedia":[{"embeddable":true,"href":"https:\/\/pasaenmendoza.com\/index.php?rest_route=\/wp\/v2\/media\/14028"}],"wp:attachment":[{"href":"https:\/\/pasaenmendoza.com\/index.php?rest_route=%2Fwp%2Fv2%2Fmedia&parent=14027"}],"wp:term":[{"taxonomy":"category","embeddable":true,"href":"https:\/\/pasaenmendoza.com\/index.php?rest_route=%2Fwp%2Fv2%2Fcategories&post=14027"},{"taxonomy":"post_tag","embeddable":true,"href":"https:\/\/pasaenmendoza.com\/index.php?rest_route=%2Fwp%2Fv2%2Ftags&post=14027"}],"curies":[{"name":"wp","href":"https:\/\/api.w.org\/{rel}","templated":true}]}}