{"id":14033,"date":"2025-07-22T16:04:47","date_gmt":"2025-07-22T14:04:47","guid":{"rendered":"https:\/\/pasaenmendoza.com\/?p=14033"},"modified":"2025-07-22T16:04:48","modified_gmt":"2025-07-22T14:04:48","slug":"fuerte-accidente-en-el-acceso-sur-volco-y-dio-varios-tumbos","status":"publish","type":"post","link":"https:\/\/pasaenmendoza.com\/?p=14033","title":{"rendered":"Fuerte accidente en el Acceso Sur: volc\u00f3 y dio varios tumbos"},"content":{"rendered":"\n<p>&nbsp;Un&nbsp;<strong>fuerte accidente<\/strong>&nbsp;ocurri\u00f3 en la madrugada de este&nbsp;<strong>martes<\/strong>&nbsp;sobre el&nbsp;<strong>Acceso Sur<\/strong>, complicando el tr\u00e1nsito en la zona. Un<strong>&nbsp;autom\u00f3vil modelo Gol volc\u00f3 tras dar varios tumbos<\/strong>&nbsp;en el tramo entre&nbsp;<strong>Rawson y Paso,<\/strong>&nbsp;mientras se dirig\u00eda hacia Luj\u00e1n.&nbsp;<\/p>\n\n\n\n<p>\u00a0Seg\u00fan las primeras informaciones, el conductor del veh\u00edculo perdi\u00f3 el control del mismo, lo que provoc\u00f3 el vuelco. A\u00fan se desconocen las causas exactas de la p\u00e9rdida de control, pero las autoridades se encuentran investigando el hecho.\u00a0<\/p>\n\n\n\n<p>\u00a0El incidente ha generado importantes demoras en el tr\u00e1nsito en direcci\u00f3n al Sur, por lo que se recomienda a los conductores tomar precauciones y considerar rutas alternativas.\u00a0<\/p>\n\n\n\n<p>Personal policial y de emergencia se encuentran en el lugar realizando las tareas de remoci\u00f3n del veh\u00edculo y limpieza de la calzada.\u00a0<\/p>\n\n\n\n<p><strong>Fuente: www.mendozapost.com<\/strong><\/p>\n","protected":false},"excerpt":{"rendered":"<p>&nbsp;Un&nbsp;fuerte accidente&nbsp;ocurri\u00f3 en la madrugada de este&nbsp;martes&nbsp;sobre el&nbsp;Acceso Sur, complicando el tr\u00e1nsito en la zona. Un&nbsp;autom\u00f3vil modelo Gol volc\u00f3 tras dar varios tumbos&nbsp;en el tramo entre&nbsp;Rawson y Paso,&nbsp;mientras se dirig\u00eda hacia Luj\u00e1n.&nbsp; \u00a0Seg\u00fan las primeras informaciones, el conductor del veh\u00edculo perdi\u00f3 el control del mismo, lo que provoc\u00f3 el vuelco. A\u00fan se desconocen las causas [&hellip;]<\/p>\n","protected":false},"author":2,"featured_media":14034,"comment_status":"open","ping_status":"open","sticky":false,"template":"","format":"standard","meta":[],"categories":[48],"tags":[],"_links":{"self":[{"href":"https:\/\/pasaenmendoza.com\/index.php?rest_route=\/wp\/v2\/posts\/14033"}],"collection":[{"href":"https:\/\/pasaenmendoza.com\/index.php?rest_route=\/wp\/v2\/posts"}],"about":[{"href":"https:\/\/pasaenmendoza.com\/index.php?rest_route=\/wp\/v2\/types\/post"}],"author":[{"embeddable":true,"href":"https:\/\/pasaenmendoza.com\/index.php?rest_route=\/wp\/v2\/users\/2"}],"replies":[{"embeddable":true,"href":"https:\/\/pasaenmendoza.com\/index.php?rest_route=%2Fwp%2Fv2%2Fcomments&post=14033"}],"version-history":[{"count":1,"href":"https:\/\/pasaenmendoza.com\/index.php?rest_route=\/wp\/v2\/posts\/14033\/revisions"}],"predecessor-version":[{"id":14035,"href":"https:\/\/pasaenmendoza.com\/index.php?rest_route=\/wp\/v2\/posts\/14033\/revisions\/14035"}],"wp:featuredmedia":[{"embeddable":true,"href":"https:\/\/pasaenmendoza.com\/index.php?rest_route=\/wp\/v2\/media\/14034"}],"wp:attachment":[{"href":"https:\/\/pasaenmendoza.com\/index.php?rest_route=%2Fwp%2Fv2%2Fmedia&parent=14033"}],"wp:term":[{"taxonomy":"category","embeddable":true,"href":"https:\/\/pasaenmendoza.com\/index.php?rest_route=%2Fwp%2Fv2%2Fcategories&post=14033"},{"taxonomy":"post_tag","embeddable":true,"href":"https:\/\/pasaenmendoza.com\/index.php?rest_route=%2Fwp%2Fv2%2Ftags&post=14033"}],"curies":[{"name":"wp","href":"https:\/\/api.w.org\/{rel}","templated":true}]}}