{"id":14036,"date":"2025-07-22T16:07:42","date_gmt":"2025-07-22T14:07:42","guid":{"rendered":"https:\/\/pasaenmendoza.com\/?p=14036"},"modified":"2025-07-22T16:07:43","modified_gmt":"2025-07-22T14:07:43","slug":"desvinculan-a-un-policia-en-mendoza-tras-devolver-su-arma-por-estres","status":"publish","type":"post","link":"https:\/\/pasaenmendoza.com\/?p=14036","title":{"rendered":"Desvinculan a un polic\u00eda en Mendoza tras devolver su arma por &#8220;estr\u00e9s&#8221;"},"content":{"rendered":"\n<p>El Gobierno de Mendoza resolvi\u00f3&nbsp;<strong>no confirmar en su cargo a un auxiliar policial<\/strong>&nbsp;que hab\u00eda entregado de forma voluntaria su arma reglamentaria y chaleco antibalas, alegando sentirse sobrepasado y afectado por el estr\u00e9s laboral. La medida fue oficializada mediante el Decreto N \u00ba 1503, firmado por el gobernador Alfredo Cornejo.<\/p>\n\n\n\n<p>El caso se encuadra dentro del per\u00edodo de prueba de 12 meses que establece la Ley 6722 para el personal policial. Durante ese tiempo, los aspirantes deben demostrar idoneidad y aptitud, entre otros aspectos que son evaluados por un equipo t\u00e9cnico. En este caso, los informes concluyeron que el agente no logr\u00f3 cumplir con dichos requisitos.<\/p>\n\n\n\n<p>A pesar de que no registraba inhibiciones ni sanciones disciplinarias, y tampoco sumarios administrativos,\u00a0<strong>la Direcci\u00f3n General de Polic\u00edas no otorg\u00f3 el visto bueno para su confirmaci\u00f3n.\u00a0<\/strong>El equipo t\u00e9cnico determin\u00f3 que el auxiliar no mostr\u00f3 los niveles de adaptaci\u00f3n y compromiso necesarios para continuar en la fuerza.<\/p>\n\n\n\n<p>De acuerdo al decreto, el ex agente cuenta con un plazo legal de 15 d\u00edas h\u00e1biles para presentar un recurso de revocatoria o jer\u00e1rquico si decidiera apelar la resoluci\u00f3n administrativa.<\/p>\n\n\n\n<p><strong>Fuente: www.mendozapost.com<\/strong><\/p>\n","protected":false},"excerpt":{"rendered":"<p>El Gobierno de Mendoza resolvi\u00f3&nbsp;no confirmar en su cargo a un auxiliar policial&nbsp;que hab\u00eda entregado de forma voluntaria su arma reglamentaria y chaleco antibalas, alegando sentirse sobrepasado y afectado por el estr\u00e9s laboral. La medida fue oficializada mediante el Decreto N \u00ba 1503, firmado por el gobernador Alfredo Cornejo. El caso se encuadra dentro del [&hellip;]<\/p>\n","protected":false},"author":2,"featured_media":14037,"comment_status":"open","ping_status":"open","sticky":false,"template":"","format":"standard","meta":[],"categories":[48],"tags":[],"_links":{"self":[{"href":"https:\/\/pasaenmendoza.com\/index.php?rest_route=\/wp\/v2\/posts\/14036"}],"collection":[{"href":"https:\/\/pasaenmendoza.com\/index.php?rest_route=\/wp\/v2\/posts"}],"about":[{"href":"https:\/\/pasaenmendoza.com\/index.php?rest_route=\/wp\/v2\/types\/post"}],"author":[{"embeddable":true,"href":"https:\/\/pasaenmendoza.com\/index.php?rest_route=\/wp\/v2\/users\/2"}],"replies":[{"embeddable":true,"href":"https:\/\/pasaenmendoza.com\/index.php?rest_route=%2Fwp%2Fv2%2Fcomments&post=14036"}],"version-history":[{"count":1,"href":"https:\/\/pasaenmendoza.com\/index.php?rest_route=\/wp\/v2\/posts\/14036\/revisions"}],"predecessor-version":[{"id":14038,"href":"https:\/\/pasaenmendoza.com\/index.php?rest_route=\/wp\/v2\/posts\/14036\/revisions\/14038"}],"wp:featuredmedia":[{"embeddable":true,"href":"https:\/\/pasaenmendoza.com\/index.php?rest_route=\/wp\/v2\/media\/14037"}],"wp:attachment":[{"href":"https:\/\/pasaenmendoza.com\/index.php?rest_route=%2Fwp%2Fv2%2Fmedia&parent=14036"}],"wp:term":[{"taxonomy":"category","embeddable":true,"href":"https:\/\/pasaenmendoza.com\/index.php?rest_route=%2Fwp%2Fv2%2Fcategories&post=14036"},{"taxonomy":"post_tag","embeddable":true,"href":"https:\/\/pasaenmendoza.com\/index.php?rest_route=%2Fwp%2Fv2%2Ftags&post=14036"}],"curies":[{"name":"wp","href":"https:\/\/api.w.org\/{rel}","templated":true}]}}