{"id":14039,"date":"2025-07-23T14:57:48","date_gmt":"2025-07-23T12:57:48","guid":{"rendered":"https:\/\/pasaenmendoza.com\/?p=14039"},"modified":"2025-07-23T14:57:49","modified_gmt":"2025-07-23T12:57:49","slug":"el-tiempo-en-mendoza-para-este-miercoles-se-mantiene-el-frio","status":"publish","type":"post","link":"https:\/\/pasaenmendoza.com\/?p=14039","title":{"rendered":"El tiempo en Mendoza para este mi\u00e9rcoles: se mantiene el fr\u00edo"},"content":{"rendered":"\n<p>La<strong>&nbsp;temperatura m\u00e1xima para este mi\u00e9rcoles ser\u00e1 de 15 grados cent\u00edgrados<\/strong>, mientras que la&nbsp;<strong>m\u00ednima ser\u00e1 de grados cent\u00edgrados.<\/strong><\/p>\n\n\n\n<p>El pron\u00f3stico de la Direcci\u00f3n de Contingencias adelant\u00f3 que estar\u00e1 \u201c<em>parcialmente nublado con poco cambio de la temperatura, vientos leves del noreste<\/em>\u201c.<\/p>\n\n\n\n<p>En cuanto a la alta monta\u00f1a: \u201c<em>Parcialmente nublado en cordillera<\/em>\u201c.<\/p>\n\n\n\n<p>Las condiciones mejoran jueves y viernes, con temperaturas m\u00e1s elevadas,<strong>\u00a0hasta el ingreso de un frente polar el d\u00eda s\u00e1bado.<\/strong><\/p>\n\n\n\n<p><strong>Fuente: www.elsol.com.ar<\/strong><\/p>\n","protected":false},"excerpt":{"rendered":"<p>La&nbsp;temperatura m\u00e1xima para este mi\u00e9rcoles ser\u00e1 de 15 grados cent\u00edgrados, mientras que la&nbsp;m\u00ednima ser\u00e1 de grados cent\u00edgrados. El pron\u00f3stico de la Direcci\u00f3n de Contingencias adelant\u00f3 que estar\u00e1 \u201cparcialmente nublado con poco cambio de la temperatura, vientos leves del noreste\u201c. En cuanto a la alta monta\u00f1a: \u201cParcialmente nublado en cordillera\u201c. Las condiciones mejoran jueves y viernes, [&hellip;]<\/p>\n","protected":false},"author":2,"featured_media":14040,"comment_status":"open","ping_status":"open","sticky":false,"template":"","format":"standard","meta":[],"categories":[52],"tags":[],"_links":{"self":[{"href":"https:\/\/pasaenmendoza.com\/index.php?rest_route=\/wp\/v2\/posts\/14039"}],"collection":[{"href":"https:\/\/pasaenmendoza.com\/index.php?rest_route=\/wp\/v2\/posts"}],"about":[{"href":"https:\/\/pasaenmendoza.com\/index.php?rest_route=\/wp\/v2\/types\/post"}],"author":[{"embeddable":true,"href":"https:\/\/pasaenmendoza.com\/index.php?rest_route=\/wp\/v2\/users\/2"}],"replies":[{"embeddable":true,"href":"https:\/\/pasaenmendoza.com\/index.php?rest_route=%2Fwp%2Fv2%2Fcomments&post=14039"}],"version-history":[{"count":1,"href":"https:\/\/pasaenmendoza.com\/index.php?rest_route=\/wp\/v2\/posts\/14039\/revisions"}],"predecessor-version":[{"id":14041,"href":"https:\/\/pasaenmendoza.com\/index.php?rest_route=\/wp\/v2\/posts\/14039\/revisions\/14041"}],"wp:featuredmedia":[{"embeddable":true,"href":"https:\/\/pasaenmendoza.com\/index.php?rest_route=\/wp\/v2\/media\/14040"}],"wp:attachment":[{"href":"https:\/\/pasaenmendoza.com\/index.php?rest_route=%2Fwp%2Fv2%2Fmedia&parent=14039"}],"wp:term":[{"taxonomy":"category","embeddable":true,"href":"https:\/\/pasaenmendoza.com\/index.php?rest_route=%2Fwp%2Fv2%2Fcategories&post=14039"},{"taxonomy":"post_tag","embeddable":true,"href":"https:\/\/pasaenmendoza.com\/index.php?rest_route=%2Fwp%2Fv2%2Ftags&post=14039"}],"curies":[{"name":"wp","href":"https:\/\/api.w.org\/{rel}","templated":true}]}}