{"id":14042,"date":"2025-07-23T15:00:49","date_gmt":"2025-07-23T13:00:49","guid":{"rendered":"https:\/\/pasaenmendoza.com\/?p=14042"},"modified":"2025-07-23T15:00:50","modified_gmt":"2025-07-23T13:00:50","slug":"santo-patrono-santiago-asi-funcionara-el-comercio-en-el-feriado-de-este-viernes","status":"publish","type":"post","link":"https:\/\/pasaenmendoza.com\/?p=14042","title":{"rendered":"Santo Patrono Santiago: as\u00ed funcionar\u00e1 el comercio en el feriado de este viernes"},"content":{"rendered":"\n<p>La&nbsp;<strong>C\u00e1mara Empresaria de Comercio, Industria, Turismo y Servicios de la Ciudad de Mendoza<\/strong>&nbsp;confirm\u00f3 que&nbsp;<strong>el 80% de los locales comerciales abrir\u00e1 sus puertas el pr\u00f3ximo 25 de julio<\/strong>, d\u00eda en que se celebra el&nbsp;<strong>feriado local en honor al Santo Patrono Santiago<\/strong>.<\/p>\n\n\n\n<p>De acuerdo con una\u00a0<strong>encuesta realizada<\/strong>\u00a0por la entidad, los comerciantes han optado mayoritariamente por mantener la actividad, ya sea\u00a0<strong>en horario completo o medio d\u00eda<\/strong>, lo que marca un cambio en la manera en que se vive esta jornada tradicional.<\/p>\n\n\n\n<p>Desde la C\u00e1mara se\u00f1alaron que\u00a0<strong>hist\u00f3ricamente el feriado se respetaba de forma casi total<\/strong>, con locales cerrados y actividades pausadas. Sin embargo, la\u00a0<strong>expansi\u00f3n de los centros comerciales, shoppings y supermercados<\/strong>\u00a0gener\u00f3 una transformaci\u00f3n cultural en la rutina local.<\/p>\n\n\n\n<p><em>\u201cPrimero se comenz\u00f3 trabajando medio d\u00eda, luego jornada completa. Y ahora, cada vez m\u00e1s negocios se suman a la actividad comercial sin interrupciones durante estas fechas<\/em>\u201d, detallaron.<\/p>\n\n\n\n<p>La tendencia refleja una\u00a0<strong>adaptaci\u00f3n al ritmo econ\u00f3mico actual<\/strong>, con una mirada puesta en el movimiento tur\u00edstico y el consumo interno. Aunque el feriado mantiene su valor simb\u00f3lico y religioso, los comerciantes decidieron privilegiar la continuidad laboral.<\/p>\n\n\n\n<p><strong>Fuente: www.elsol.com.ar<\/strong><\/p>\n","protected":false},"excerpt":{"rendered":"<p>La&nbsp;C\u00e1mara Empresaria de Comercio, Industria, Turismo y Servicios de la Ciudad de Mendoza&nbsp;confirm\u00f3 que&nbsp;el 80% de los locales comerciales abrir\u00e1 sus puertas el pr\u00f3ximo 25 de julio, d\u00eda en que se celebra el&nbsp;feriado local en honor al Santo Patrono Santiago. De acuerdo con una\u00a0encuesta realizada\u00a0por la entidad, los comerciantes han optado mayoritariamente por mantener la [&hellip;]<\/p>\n","protected":false},"author":2,"featured_media":14043,"comment_status":"open","ping_status":"open","sticky":false,"template":"","format":"standard","meta":[],"categories":[50],"tags":[],"_links":{"self":[{"href":"https:\/\/pasaenmendoza.com\/index.php?rest_route=\/wp\/v2\/posts\/14042"}],"collection":[{"href":"https:\/\/pasaenmendoza.com\/index.php?rest_route=\/wp\/v2\/posts"}],"about":[{"href":"https:\/\/pasaenmendoza.com\/index.php?rest_route=\/wp\/v2\/types\/post"}],"author":[{"embeddable":true,"href":"https:\/\/pasaenmendoza.com\/index.php?rest_route=\/wp\/v2\/users\/2"}],"replies":[{"embeddable":true,"href":"https:\/\/pasaenmendoza.com\/index.php?rest_route=%2Fwp%2Fv2%2Fcomments&post=14042"}],"version-history":[{"count":1,"href":"https:\/\/pasaenmendoza.com\/index.php?rest_route=\/wp\/v2\/posts\/14042\/revisions"}],"predecessor-version":[{"id":14044,"href":"https:\/\/pasaenmendoza.com\/index.php?rest_route=\/wp\/v2\/posts\/14042\/revisions\/14044"}],"wp:featuredmedia":[{"embeddable":true,"href":"https:\/\/pasaenmendoza.com\/index.php?rest_route=\/wp\/v2\/media\/14043"}],"wp:attachment":[{"href":"https:\/\/pasaenmendoza.com\/index.php?rest_route=%2Fwp%2Fv2%2Fmedia&parent=14042"}],"wp:term":[{"taxonomy":"category","embeddable":true,"href":"https:\/\/pasaenmendoza.com\/index.php?rest_route=%2Fwp%2Fv2%2Fcategories&post=14042"},{"taxonomy":"post_tag","embeddable":true,"href":"https:\/\/pasaenmendoza.com\/index.php?rest_route=%2Fwp%2Fv2%2Ftags&post=14042"}],"curies":[{"name":"wp","href":"https:\/\/api.w.org\/{rel}","templated":true}]}}