{"id":14045,"date":"2025-07-23T15:14:06","date_gmt":"2025-07-23T13:14:06","guid":{"rendered":"https:\/\/pasaenmendoza.com\/?p=14045"},"modified":"2025-07-23T15:14:07","modified_gmt":"2025-07-23T13:14:07","slug":"libres-del-sur-adelanto-la-ruptura-con-cambia-mendoza-y-su-proxima-alianza","status":"publish","type":"post","link":"https:\/\/pasaenmendoza.com\/?p=14045","title":{"rendered":"Libres del Sur adelant\u00f3 la ruptura con Cambia Mendoza y su pr\u00f3xima alianza"},"content":{"rendered":"\n<p>La posible confluencia entre el radicalismo mendocino y La Libertad Avanza abre una nueva grieta dentro de&nbsp;<strong>Cambia Mendoza<\/strong>, el frente que gobierna la provincia desde 2015. En declaraciones radiales a&nbsp;<strong>LVDiez<\/strong>,&nbsp;<strong>Ernesto Mancinelli<\/strong>, secretario general de&nbsp;<strong>Libres del Sur<\/strong>, anticip\u00f3 que su fuerza pol\u00edtica est\u00e1 a punto de abandonar el frente provincial y los cargos de gesti\u00f3n que ocupa actualmente en el gobierno.<\/p>\n\n\n\n<p><strong><em>\u201cMuy probablemente nos vayamos de Cambia Mendoza. Ma\u00f1ana tenemos un plenario y terminaremos de tomar la decisi\u00f3n de manera colectiva\u201d<\/em><\/strong>, adelant\u00f3 el dirigente, marcando el quiebre frente a lo que considera\u00a0<strong>una alianza incompatible con la historia y los valores de su espacio<\/strong>.<\/p>\n\n\n\n<p>Seg\u00fan Mancinelli, la postura de Libres del Sur no deber\u00eda sorprender al oficialismo:\u00a0<em>\u201cHe charlado poco con el gobernador Cornejo sobre el tema pero no es una sorpresa para nadie nuestra postura.\u00a0<strong>El radicalismo viene insistiendo hace mucho en implementar una estrategia de alianza con La Libertad Avanza y nosotros, apenas lo hicieron p\u00fablico, tambi\u00e9n hicimos p\u00fablico cu\u00e1l era nuestro l\u00edmite<\/strong>\u201d<\/em>.<\/p>\n\n\n\n<p>El referente del espacio progresista record\u00f3 que su participaci\u00f3n en Cambia Mendoza siempre estuvo sujeta a una agenda com\u00fan basada en pol\u00edticas p\u00fablicas concretas, pero se\u00f1al\u00f3 que&nbsp;<strong>las diferencias con el espacio que lidera Javier Milei son&nbsp;<em>\u201cinsalvables\u201d<\/em><\/strong>.<\/p>\n\n\n\n<p><em>\u201cPor m\u00e1s que nos ponga en una situaci\u00f3n inc\u00f3moda, porque nos hemos sentido parte del gobierno en estos \u00faltimos 10 a\u00f1os,\u00a0<strong>tenemos diferencias conceptuales muy profundas<\/strong>\u00a0con La Libertad Avanza\u201d<\/em>, afirm\u00f3.<\/p>\n\n\n\n<h3 class=\"wp-block-heading\" id=\"h-busqueda-de-nuevos-acuerdos\">B\u00fasqueda de nuevos acuerdos<\/h3>\n\n\n\n<p>Mancinelli fue especialmente cr\u00edtico con la forma en que La Libertad Avanza interpreta y ejerce la pol\u00edtica:\u00a0<em>\u201cEntendemos el \u2018Fen\u00f3meno Milei\u2019 como producto de la bronca de la sociedad y del<strong>\u00a0fracaso de la pol\u00edtica durante tantos a\u00f1os<\/strong>. Pero desde nuestra humilde opini\u00f3n, hay que dar el debate ante la sociedad porque\u00a0<strong>de la crisis no se sale con formas violentas, gritos y despotricando contra quienes piensan distinto<\/strong>. El nivel de intolerancia que hay lo vamos a pagar caro m\u00e1s adelante\u201d<\/em>.<\/p>\n\n\n\n<p>En ese contexto, el dirigente dej\u00f3 abierta la puerta para una posible&nbsp;<strong>alianza con el Partido Verde<\/strong>, liderado por Mario Vadillo:&nbsp;<em>\u201cVenimos hablando con Vadillo con la premisa de alcanzar&nbsp;<strong>una agenda com\u00fan que ponga de relieve y de manifiesto la defensa de los mendocinos<\/strong>&nbsp;ante la ausencia del gobierno nacional producto de la motosierra\u201d<\/em>.<\/p>\n\n\n\n<p>Mancinelli destac\u00f3 los logros de la administraci\u00f3n provincial desde 2015, reconociendo avances importantes en el ordenamiento del Estado:\u00a0<em>\u201cReivindicamos lo que se hizo en Mendoza, en donde<strong>\u00a0recibimos un Estado ineficaz y que no pod\u00eda pagar los sueldos provinciales<\/strong>. Se transform\u00f3 con inteligencia y con\u00a0<strong>sensibilidad<\/strong>, porque no hubo despidos masivos de empleados p\u00fablicos. Se baj\u00f3 el d\u00e9ficit y se mejoraron servicios sustanciales\u201d<\/em>.<\/p>\n\n\n\n<p>Sin embargo, marc\u00f3 una diferencia clave entre esa gesti\u00f3n y el enfoque libertario del gobierno nacional:&nbsp;<em>\u201c<strong>Nosotros pretend\u00edamos cambiar el Estado para modificarle la vida a la gente, no para destruirlo<\/strong>. Por eso no compartimos el modelo y la unidad con La Libertad Avanza\u201d<\/em>.<\/p>\n\n\n\n<p>Con un plenario previsto para este jueves,\u00a0<strong>Libres del Sur podr\u00eda formalizar su salida del frente Cambia Mendoza<\/strong>, lo que sumar\u00eda tensi\u00f3n a un escenario pol\u00edtico provincial que ya\u00a0<strong>comienza a mostrar realineamientos<\/strong>\u00a0en vista de las elecciones legislativas del pr\u00f3ximo 26 de octubre.<\/p>\n\n\n\n<p><strong>Fuente: www.elsol.com.ar<\/strong><\/p>\n","protected":false},"excerpt":{"rendered":"<p>La posible confluencia entre el radicalismo mendocino y La Libertad Avanza abre una nueva grieta dentro de&nbsp;Cambia Mendoza, el frente que gobierna la provincia desde 2015. En declaraciones radiales a&nbsp;LVDiez,&nbsp;Ernesto Mancinelli, secretario general de&nbsp;Libres del Sur, anticip\u00f3 que su fuerza pol\u00edtica est\u00e1 a punto de abandonar el frente provincial y los cargos de gesti\u00f3n que [&hellip;]<\/p>\n","protected":false},"author":2,"featured_media":14046,"comment_status":"open","ping_status":"open","sticky":false,"template":"","format":"standard","meta":[],"categories":[47],"tags":[],"_links":{"self":[{"href":"https:\/\/pasaenmendoza.com\/index.php?rest_route=\/wp\/v2\/posts\/14045"}],"collection":[{"href":"https:\/\/pasaenmendoza.com\/index.php?rest_route=\/wp\/v2\/posts"}],"about":[{"href":"https:\/\/pasaenmendoza.com\/index.php?rest_route=\/wp\/v2\/types\/post"}],"author":[{"embeddable":true,"href":"https:\/\/pasaenmendoza.com\/index.php?rest_route=\/wp\/v2\/users\/2"}],"replies":[{"embeddable":true,"href":"https:\/\/pasaenmendoza.com\/index.php?rest_route=%2Fwp%2Fv2%2Fcomments&post=14045"}],"version-history":[{"count":1,"href":"https:\/\/pasaenmendoza.com\/index.php?rest_route=\/wp\/v2\/posts\/14045\/revisions"}],"predecessor-version":[{"id":14047,"href":"https:\/\/pasaenmendoza.com\/index.php?rest_route=\/wp\/v2\/posts\/14045\/revisions\/14047"}],"wp:featuredmedia":[{"embeddable":true,"href":"https:\/\/pasaenmendoza.com\/index.php?rest_route=\/wp\/v2\/media\/14046"}],"wp:attachment":[{"href":"https:\/\/pasaenmendoza.com\/index.php?rest_route=%2Fwp%2Fv2%2Fmedia&parent=14045"}],"wp:term":[{"taxonomy":"category","embeddable":true,"href":"https:\/\/pasaenmendoza.com\/index.php?rest_route=%2Fwp%2Fv2%2Fcategories&post=14045"},{"taxonomy":"post_tag","embeddable":true,"href":"https:\/\/pasaenmendoza.com\/index.php?rest_route=%2Fwp%2Fv2%2Ftags&post=14045"}],"curies":[{"name":"wp","href":"https:\/\/api.w.org\/{rel}","templated":true}]}}