{"id":14048,"date":"2025-07-23T15:18:16","date_gmt":"2025-07-23T13:18:16","guid":{"rendered":"https:\/\/pasaenmendoza.com\/?p=14048"},"modified":"2025-07-23T15:18:17","modified_gmt":"2025-07-23T13:18:17","slug":"reves-para-medica-mendocina-que-reclamaba-cobrar-servicios-adicionales-durante-licencia-por-enfermedad","status":"publish","type":"post","link":"https:\/\/pasaenmendoza.com\/?p=14048","title":{"rendered":"Rev\u00e9s para m\u00e9dica mendocina que reclamaba cobrar servicios adicionales durante licencia por enfermedad"},"content":{"rendered":"\n<p>El Gobierno de Mendoza ha&nbsp;<strong>rechazado el recurso de alzada<\/strong>&nbsp;interpuesto por la&nbsp;<strong>Dra. Mar\u00eda Fernanda Asenatto<\/strong>, m\u00e9dica del&nbsp;<strong>Hospital Pedi\u00e1trico \u201cDr. Humberto J. Notti\u201d<\/strong>. La profesional&nbsp;<strong>reclamaba el pago de un \u201c<em>Acuerdo de Servicios Personales para Prestaciones Indispensables<\/em>\u201c<\/strong>&nbsp;correspondiente a los meses de julio y agosto, per\u00edodo en el que se encontraba de licencia por enfermedad.<\/p>\n\n\n\n<p>La m\u00e9dica hab\u00eda presentado un recurso jer\u00e1rquico (recategorizado formalmente como recurso de alzada) contra la Resoluci\u00f3n N\u00b0 846\/21 de la Direcci\u00f3n Ejecutiva del Hospital Notti, que le hab\u00eda denegado dicho pago. Su argumento principal se basaba en que, seg\u00fan el Convenio Colectivo de Trabajo de los Profesionales de la Salud (Ley N\u00b0 7759), al estar de licencia por enfermedad, los haberes deber\u00edan abonarse normalmente.<\/p>\n\n\n\n<p>Sin embargo, tras el an\u00e1lisis sustancial del recurso por parte de la Direcci\u00f3n General de Asuntos Jur\u00eddicos del Ministerio de Salud y Deportes y Asesor\u00eda de Gobierno, el Poder Ejecutivo provincial resolvi\u00f3\u00a0<strong>desestimar la pretensi\u00f3n<\/strong>.<\/p>\n\n\n\n<p>El Gobierno fundament\u00f3 su decisi\u00f3n en que el \u201cAcuerdo de Servicios Personales para Prestaciones Indispensables\u201d de Asenatto fue aprobado espec\u00edficamente para&nbsp;<strong>cubrir guardias pasivas en el Servicio de Hemoterapia<\/strong>. Este tipo de contrataci\u00f3n, seg\u00fan la resoluci\u00f3n,&nbsp;<strong>no forma parte integrante del salario habitual y normal<\/strong>&nbsp;de un profesional de planta permanente, dada la \u201c<em>din\u00e1mica y el mecanismo de este tipo de convenios de servicios personales<\/em>\u201c.<\/p>\n\n\n\n<p>Adem\u00e1s, el decreto se\u00f1ala que la recurrente \u201c<em>no aporta ning\u00fan argumento nuevo<\/em>\u201d que logre desvirtuar los argumentos esgrimidos por la resoluci\u00f3n original del Hospital Notti, que determin\u00f3 que el acto administrativo atacado no presenta vicios que lo invaliden.<\/p>\n\n\n\n<p>Cabe destacar que, en un expediente asociado, ya se hab\u00eda dictado una resoluci\u00f3n emplazando a la m\u00e9dica a restituir importes percibidos indebidamente por los meses de abril, mayo y junio de 2021, lo que refuerza la postura del Gobierno respecto a la naturaleza de estos acuerdos.<\/p>\n\n\n\n<p>Con este fallo,\u00a0<strong>el Gobierno provincial sienta un precedente<\/strong>\u00a0<strong>en cuanto a la interpretaci\u00f3n y liquidaci\u00f3n de los acuerdos de servicios adicionales<\/strong>, diferenci\u00e1ndolos claramente del salario b\u00e1sico y los adicionales propios del cargo de planta, especialmente en situaciones de licencia por enfermedad.<\/p>\n\n\n\n<p><strong>Fuente: www.elsol.com.ar<\/strong><\/p>\n","protected":false},"excerpt":{"rendered":"<p>El Gobierno de Mendoza ha&nbsp;rechazado el recurso de alzada&nbsp;interpuesto por la&nbsp;Dra. Mar\u00eda Fernanda Asenatto, m\u00e9dica del&nbsp;Hospital Pedi\u00e1trico \u201cDr. Humberto J. Notti\u201d. La profesional&nbsp;reclamaba el pago de un \u201cAcuerdo de Servicios Personales para Prestaciones Indispensables\u201c&nbsp;correspondiente a los meses de julio y agosto, per\u00edodo en el que se encontraba de licencia por enfermedad. La m\u00e9dica hab\u00eda presentado [&hellip;]<\/p>\n","protected":false},"author":2,"featured_media":14049,"comment_status":"open","ping_status":"open","sticky":false,"template":"","format":"standard","meta":[],"categories":[58],"tags":[],"_links":{"self":[{"href":"https:\/\/pasaenmendoza.com\/index.php?rest_route=\/wp\/v2\/posts\/14048"}],"collection":[{"href":"https:\/\/pasaenmendoza.com\/index.php?rest_route=\/wp\/v2\/posts"}],"about":[{"href":"https:\/\/pasaenmendoza.com\/index.php?rest_route=\/wp\/v2\/types\/post"}],"author":[{"embeddable":true,"href":"https:\/\/pasaenmendoza.com\/index.php?rest_route=\/wp\/v2\/users\/2"}],"replies":[{"embeddable":true,"href":"https:\/\/pasaenmendoza.com\/index.php?rest_route=%2Fwp%2Fv2%2Fcomments&post=14048"}],"version-history":[{"count":1,"href":"https:\/\/pasaenmendoza.com\/index.php?rest_route=\/wp\/v2\/posts\/14048\/revisions"}],"predecessor-version":[{"id":14050,"href":"https:\/\/pasaenmendoza.com\/index.php?rest_route=\/wp\/v2\/posts\/14048\/revisions\/14050"}],"wp:featuredmedia":[{"embeddable":true,"href":"https:\/\/pasaenmendoza.com\/index.php?rest_route=\/wp\/v2\/media\/14049"}],"wp:attachment":[{"href":"https:\/\/pasaenmendoza.com\/index.php?rest_route=%2Fwp%2Fv2%2Fmedia&parent=14048"}],"wp:term":[{"taxonomy":"category","embeddable":true,"href":"https:\/\/pasaenmendoza.com\/index.php?rest_route=%2Fwp%2Fv2%2Fcategories&post=14048"},{"taxonomy":"post_tag","embeddable":true,"href":"https:\/\/pasaenmendoza.com\/index.php?rest_route=%2Fwp%2Fv2%2Ftags&post=14048"}],"curies":[{"name":"wp","href":"https:\/\/api.w.org\/{rel}","templated":true}]}}