{"id":1405,"date":"2023-09-12T16:51:51","date_gmt":"2023-09-12T14:51:51","guid":{"rendered":"https:\/\/pasaenmendoza.com\/?p=1405"},"modified":"2023-09-12T16:51:52","modified_gmt":"2023-09-12T14:51:52","slug":"quien-es-el-barra-de-la-lepra-que-cayo-con-drogas-el-vinculo-con-un-jefe-narco-y-la-venta-de-armas","status":"publish","type":"post","link":"https:\/\/pasaenmendoza.com\/?p=1405","title":{"rendered":"Qui\u00e9n es el barra de la Lepra que cay\u00f3 con drogas: el v\u00ednculo con un jefe narco y la venta de armas"},"content":{"rendered":"\n<p>Los integrantes de la barra de\u00a0<strong>Independiente Rivadavia<\/strong>\u00a0siguen cayendo en las redes policiales por investigaciones de narcotr\u00e1fico. Este domingo fue capturado\u00a0<strong>Fabi\u00e1n Alexis Astargo<\/strong>, conocido en el mundo del hampa y la parcialidad m\u00e1s violenta de la instituci\u00f3n del\u00a0<strong>Parque General San Mart\u00edn<\/strong>\u00a0con el alias de\u00a0<em><strong>Mochila<\/strong><\/em>. Desde mediados de junio, ya son tres los cabecillas de la hinchada que fueron atrapados por tener relaci\u00f3n directa con \u201cquiosquitos\u201d de narcomenudeo.<\/p>\n\n\n\n<p><mark>Este joven, nacido el 1 de abril de 1994,\u00a0ven\u00eda siendo parte de causas federales por comercializaci\u00f3n de estupefacientes desde que el jefe narco lasherino\u00a0<strong>Mat\u00edas Facundo\u00a0<em>Fido<\/em>\u00a0D\u00edaz<\/strong>\u00a0fue detenido en una megapesquisa de narcotr\u00e1fico en el Gran Mendoza y lavado de dinero.<\/mark><\/p>\n\n\n\n<p><strong>Astargo\u00a0<\/strong>fue capturado luego de un allanamiento en una casa del barrio Parque Sur. Le encontraron\u00a0<strong>coca\u00edna y marihuana<\/strong>\u00a0fraccionada para la comercializaci\u00f3n en peque\u00f1as cantidades, elementos de corte y fraccionamiento, tel\u00e9fonos celulares y 215.450 pesos.<\/p>\n\n\n\n<p>El procedimiento se orden\u00f3 luego de las detenciones de\u00a0<strong>Federico Agust\u00edn Cano\u00a0<\/strong>y su primo\u00a0<strong>Tiago Tom\u00e1s Cano<\/strong>, en un domicilio de calle Guti\u00e9rrez de Godoy Cruz y en el barrio SUPE de ese mismo departamento, en junio y fines de agosto, respectivamente.<\/p>\n\n\n\n<p>Para los efectivos que trabajan estas causas en la\u00a0<strong>Polic\u00eda contra el Narcotr\u00e1fico<\/strong>\u00a0(PCN) de Investigaciones, el\u00a0<strong><em>Mochila\u00a0<\/em>Astargo\u00a0<\/strong>comenz\u00f3 a responder directamente al\u00a0<strong><em>Fido\u00a0<\/em><\/strong>cuando la barra de la Lepra se encontraba en un punto de ebullici\u00f3n de conflictos, hace m\u00e1s de cuatro a\u00f1os.<\/p>\n\n\n\n<p>Astargo hab\u00eda sido hombre de confianza o muy cercano de quien fuera l\u00edder de la hinchada \u2013hasta su asesinato: en la madrugada del domingo 24 de febrero del 2019, a la salida del boliche La Guanaca\u2013\u00a0<strong>Omar\u00a0<em>Camel\u00a0<\/em>Jofr\u00e9<\/strong>, pero luego la relaci\u00f3n se fractur\u00f3 y pas\u00f3 a responder al<strong>\u00a0<em>Fido\u00a0<\/em>D\u00edaz<\/strong>, tambi\u00e9n vinculado con otros barras (para hacer negocios, principalmente con la venta de sustancias y armas), tal como se desprende de las investigaciones que profundizaron y llegaron hasta la Justicia federal.<\/p>\n\n\n\n<p><mark>El v\u00ednculo entre\u00a0<strong>Astargo\u00a0<\/strong>y el\u00a0<em><strong>Fido\u00a0<\/strong><\/em>D\u00edaz qued\u00f3 confirmado luego de un an\u00e1lisis que le hicieron al tel\u00e9fono celular del se\u00f1alado jefe narco<\/mark>, tras ser detenido el 11 de mayo del 2021 en medio de la instrucci\u00f3n de la causa por la desaparici\u00f3n de la joven\u00a0<strong>Abiga\u00edl Carniel<\/strong>\u00a0en el barrio\u00a0<strong>Sargento Cabral<\/strong>. Descubrieron decenas de mensajes y audios de WhatsApp entre ellos.<\/p>\n\n\n\n<p>Si bien D\u00edaz quedar\u00eda desligado en alg\u00fan momento de ese hecho (todav\u00eda no est\u00e1 sobrese\u00eddo), diversos peritajes que realizaron a sus dispositivos de comunicaci\u00f3n fueron determinantes para que contin\u00fae tras las rejas por el comercio de drogas y lavado de capitales.<\/p>\n\n\n\n<p>Mientras espera ir a juicio por otras causas, lo condenaron con parte de su banda -entre sus integrantes, se encontraban su hombre de m\u00e1xima confianza,\u00a0<strong>Gustavo Valle Vicedo<\/strong>, y su hermana,\u00a0<strong>Fanny la\u00a0<em>Negra Tina<\/em>\u00a0D\u00edaz<\/strong>\u2013, por un cargamento de casi 500 kilos de marihuana que llegaron desde Paraguay a un galp\u00f3n de Las Heras para ser distribuidos en la zona metropolitana.<\/p>\n\n\n\n<p>La\u00a0<strong>PCN\u00a0<\/strong>lo ven\u00eda investigando por venta drogas en grandes y peque\u00f1as cantidades, y\u00a0<mark>los di\u00e1logos entre Astargo y el Fido eran constantes<\/mark>\u00a0para potenciar algunos negocios, evidenciando una relaci\u00f3n de confianza para llevar a cabo ciertas maniobras delictivas. Incluso, se profundizaron cuando D\u00edaz ya se encontraba en situaci\u00f3n de encierro.<\/p>\n\n\n\n<p>Por informaci\u00f3n a la que accedi\u00f3\u00a0<em><strong>El Sol<\/strong><\/em>, el\u00a0<strong><em>Fido\u00a0<\/em><\/strong>ten\u00eda agendado a\u00a0<strong>Astargo\u00a0<\/strong>en su tel\u00e9fono celular como\u00a0<strong><em>Bolso<\/em><\/strong>. Sin embargo, era conocido en el ambiente donde mov\u00edan como\u00a0<strong>Mochila<\/strong>. Este hombre, quien tiene actualmente 29 a\u00f1os, ya hab\u00eda sido denunciado por venta de drogas y la Justicia federal y la\u00a0<strong>PCN\u00a0<\/strong>lo hab\u00edan marcado antes de los allanamientos de este domingo.<\/p>\n\n\n\n<p>De las conversaciones que fueron analizadas por la Justicia federal, se supo que el\u00a0<strong>Mochila<\/strong>\u00a0presentaba diversas misiones, adem\u00e1s de lo que significa integrar la barra de la Lepra.\u00a0<mark>Tambi\u00e9n ofrec\u00eda armas de fuego y drogas a pedido del\u00a0<strong><em>Fido\u00a0<\/em><\/strong>y realizaba algunas cobranzas<\/mark>\u00a0de lo que se sospechaba eran maniobras de comercializaci\u00f3n.<\/p>\n\n\n\n<p><mark>Hablaban de la venta de pistolas calibre 9 mil\u00edmetros y tambi\u00e9n de ofrecer a 400.000 pesos una ametralladora\u00a0<strong>FMk3\u00a0<\/strong>o\u00a0<strong>PA3<\/strong>, similar a que utiliza la polic\u00eda y a la incautada en un domicilio del barrio\u00a0<strong>Suyai\u00a0<\/strong>de Guaymall\u00e9n a fines del mes pasado<\/mark>.<\/p>\n\n\n\n<p>La propuesta era del\u00a0<strong><em>Fido\u00a0<\/em><\/strong>al\u00a0<strong><em>Mochila<\/em><\/strong>\u00a0para que lo ayudara a comercializarla a ese monto. Y hasta le envi\u00f3 una imagen para que la mostrara porque ya hab\u00eda comercializado una similar a ese precio.<\/p>\n\n\n\n<p><strong>El principio de algo m\u00e1s grande<\/strong><\/p>\n\n\n\n<p><mark>La investigaci\u00f3n contra los barras de la Lepra no est\u00e1 terminada<\/mark>. Quedan algunos personajes con pedido de captura y, en los pr\u00f3ximos d\u00edas, personal de la PCN comenzar\u00eda analizar todo el material secuestrado para ejecutar trabajos de relaci\u00f3n m\u00e1s profundos, debido a que podr\u00edan estar frente a algo m\u00e1s grande, con hombres de poder como jefes de una organizaci\u00f3n.\u00a0<em>\u201cEstos detenidos de los \u00faltimos meses est\u00e1n respondiendo a distribuidores de drogas m\u00e1s importantes\u201d<\/em>, confiaron fuentes policiales a este diario.<\/p>\n\n\n\n<p>El razonamiento de los investigadores se basa en que la\u00a0<strong>hinchada de la Lepra\u00a0<\/strong>viene siendo noticia desde hace a\u00f1os por hechos vinculados al tr\u00e1fico y el comercio de drogas, y algunos j\u00f3venes referentes de facciones, como las de Villa Hip\u00f3dromo y Guaymall\u00e9n, est\u00e1n siendo detenidos.<\/p>\n\n\n\n<p>El primero fue\u00a0<strong>Federico Agust\u00edn Cano<\/strong>\u00a0en la noche del 15 de junio. Este sujeto de 30 a\u00f1os es primo de\u00a0<strong>Nicol\u00e1s\u00a0<em>Gorda Marta<\/em>\u00a0Cano<\/strong>, quien era l\u00edder con los llamados\u00a0<strong>Encapuchados,\u00a0<\/strong>de la facci\u00f3n de\u00a0<strong>Villa Hip\u00f3dromo<\/strong>, quien fuera condenado por el\u00a0<mark>crimen de Gabriel\u00a0<strong><em>Gabito\u00a0<\/em><\/strong>Videla, ocurrido en enero del 2021 durante los festejos por un nuevo aniversario del club en los Portones del Parque General San Mart\u00edn.<\/mark><\/p>\n\n\n\n<p>La\u00a0<strong><em>Gorda Marta<\/em><\/strong>\u00a0estaba el frente de esa parcialidad con\u00a0<strong>Cristian Leandro\u00a0<em>Chori\u00a0<\/em>Rivero,<\/strong>\u00a0tambi\u00e9n confeso part\u00edcipe del crimen del\u00a0<strong><em>Gabito<\/em><\/strong>, un joven que buscaba trepar en los mandos de la hinchada y fue \u201climpiado\u201d a balazos por los de Villa Hip\u00f3dromo.<\/p>\n\n\n\n<p><mark>Federico Cano fue capturado por estar sospechado de vender drogas en peque\u00f1as cantidades mientras circulaba en un auto<\/mark>. Ese era, de acuerdo con las fuentes, su modus operandi. La noche del d\u00eda citado, hubo varios allanamientos. Adem\u00e1s de las sustancias ilegales, dieron con cuatro armas y una importante cantidad de municiones.<\/p>\n\n\n\n<p>Gracias a estas medidas y an\u00e1lisis de tel\u00e9fonos celulares, la PCN continu\u00f3 con seis allanamientos el viernes 25 de agosto. Fueron en domicilios de Guaymall\u00e9n y Godoy Cruz vinculados con otros barras leprosos.\u00a0<strong>Tiago Tom\u00e1s Cano<\/strong>, primo de<strong>\u00a0La Gorda Marta\u00a0<\/strong>y de\u00a0<strong>Federico<\/strong>, fue capturado por estar sospechado de tener un quiosquito de narcomenudeo en el barrio SUPE.<\/p>\n\n\n\n<p><mark>En el barrio Suyai de Guaymall\u00e9n se desplegaron dos allanamientos<\/mark>. Uno permiti\u00f3 la captura de\u00a0<strong>Exequiel Z\u00fa\u00f1iga<\/strong>\u00a0y el secuestro de dosis de drogas y 35.000 pesos que ser\u00edan producto de las ventas en peque\u00f1as cantidades. Por su parte, en la manzana E se hallaron una considerable cantidad de armas y municiones.<\/p>\n\n\n\n<p>All\u00ed tiene domicilio<strong>\u00a0Juan Ignacio Funes<\/strong>, tambi\u00e9n se\u00f1alado como barra y \u201carbolito\u201d de la galer\u00eda Tonsa. Qued\u00f3 con pedido de captura porque no estaba al momento de la operaci\u00f3n policial.<\/p>\n\n\n\n<p>El resultado de la requisa fue sorprendente, debido a que hab\u00eda elementos policiales, como un\u00a0<mark>chaleco antibalas marca Armoring y una pistola calibre 9mm marca Taurus. Adem\u00e1s, encontraron otra pistola de ese calibre marca Bersa (color marr\u00f3n) y un rev\u00f3lver calibre 32. En total, fueron 14 los cargadores y 320 municiones<\/mark>\u00a0de distintos calibres.<\/p>\n\n\n\n<p>Por \u00faltimo, tambi\u00e9n\u00a0<strong>dieron con un subfusil PA3 o FMK3\u00a0<\/strong>con silenciador, utilizados por la Polic\u00eda y el Ej\u00e9rcito argentino. Ten\u00eda el n\u00famero de serie limando y los investigadores trabajaban para intentar conocer su origen.<\/p>\n\n\n\n<p><strong>Fuente: www.elsol.com.ar<\/strong><\/p>\n","protected":false},"excerpt":{"rendered":"<p>Los integrantes de la barra de\u00a0Independiente Rivadavia\u00a0siguen cayendo en las redes policiales por investigaciones de narcotr\u00e1fico. Este domingo fue capturado\u00a0Fabi\u00e1n Alexis Astargo, conocido en el mundo del hampa y la parcialidad m\u00e1s violenta de la instituci\u00f3n del\u00a0Parque General San Mart\u00edn\u00a0con el alias de\u00a0Mochila. Desde mediados de junio, ya son tres los cabecillas de la hinchada [&hellip;]<\/p>\n","protected":false},"author":2,"featured_media":1406,"comment_status":"open","ping_status":"open","sticky":false,"template":"","format":"standard","meta":[],"categories":[48],"tags":[],"_links":{"self":[{"href":"https:\/\/pasaenmendoza.com\/index.php?rest_route=\/wp\/v2\/posts\/1405"}],"collection":[{"href":"https:\/\/pasaenmendoza.com\/index.php?rest_route=\/wp\/v2\/posts"}],"about":[{"href":"https:\/\/pasaenmendoza.com\/index.php?rest_route=\/wp\/v2\/types\/post"}],"author":[{"embeddable":true,"href":"https:\/\/pasaenmendoza.com\/index.php?rest_route=\/wp\/v2\/users\/2"}],"replies":[{"embeddable":true,"href":"https:\/\/pasaenmendoza.com\/index.php?rest_route=%2Fwp%2Fv2%2Fcomments&post=1405"}],"version-history":[{"count":1,"href":"https:\/\/pasaenmendoza.com\/index.php?rest_route=\/wp\/v2\/posts\/1405\/revisions"}],"predecessor-version":[{"id":1407,"href":"https:\/\/pasaenmendoza.com\/index.php?rest_route=\/wp\/v2\/posts\/1405\/revisions\/1407"}],"wp:featuredmedia":[{"embeddable":true,"href":"https:\/\/pasaenmendoza.com\/index.php?rest_route=\/wp\/v2\/media\/1406"}],"wp:attachment":[{"href":"https:\/\/pasaenmendoza.com\/index.php?rest_route=%2Fwp%2Fv2%2Fmedia&parent=1405"}],"wp:term":[{"taxonomy":"category","embeddable":true,"href":"https:\/\/pasaenmendoza.com\/index.php?rest_route=%2Fwp%2Fv2%2Fcategories&post=1405"},{"taxonomy":"post_tag","embeddable":true,"href":"https:\/\/pasaenmendoza.com\/index.php?rest_route=%2Fwp%2Fv2%2Ftags&post=1405"}],"curies":[{"name":"wp","href":"https:\/\/api.w.org\/{rel}","templated":true}]}}