{"id":14054,"date":"2025-07-23T22:16:52","date_gmt":"2025-07-23T20:16:52","guid":{"rendered":"https:\/\/pasaenmendoza.com\/?p=14054"},"modified":"2025-07-23T22:16:53","modified_gmt":"2025-07-23T20:16:53","slug":"choque-en-godoy-cruz-un-motociclista-termino-abajo-de-un-colectivo","status":"publish","type":"post","link":"https:\/\/pasaenmendoza.com\/?p=14054","title":{"rendered":"Choque en Godoy Cruz: un motociclista termin\u00f3 abajo de un colectivo"},"content":{"rendered":"\n<p>Un motociclista que trabaja para una aplicaci\u00f3n de reparto&nbsp;<strong>protagoniz\u00f3 un siniestro vial&nbsp;<\/strong>este&nbsp; mi\u00e9rcoles cerca de las 13.30en Godoy Cruz, en la intersecci\u00f3n de las calles \u00c1lvarez Thomas y Figueroa Alcorta.&nbsp;<\/p>\n\n\n\n<p>Seg\u00fan testigos,<strong>\u00a0el repartidor habr\u00eda pasado un sem\u00e1foro en rojo, lo que desencaden\u00f3 una triple colisi\u00f3n<\/strong>\u00a0que involucr\u00f3 tambi\u00e9n a un Fiat Punto y un colectivo de l\u00ednea.<\/p>\n\n\n\n<p>El hecho ocurri\u00f3 cuando\u00a0<strong>el Fiat impact\u00f3 con la motocicleta\u00a0<\/strong>y, tras el primer choque, la moto dio contra el colectivo, que circulaba en direcci\u00f3n oeste-este por \u00c1lvarez Thomas.\u00a0<strong>El motociclista qued\u00f3 debajo del transporte, muy cerca de la rueda trasera.<\/strong><\/p>\n\n\n\n<p>El\u00a0<strong>motociclista<\/strong>\u00a0result\u00f3 con lesiones -habr\u00eda sufrido una\u00a0<strong>fractura<\/strong>&#8211; y fue trasladado al\u00a0<strong>Hospital Central<\/strong>\u00a0para recibir una atenci\u00f3n general. En el operativo, tambi\u00e9n intervino personal de Bomberos, que colabor\u00f3 para retirar al conductor atrapado debajo del colectivo.<\/p>\n\n\n\n<p>Si bien, tanto el chofer del micro como la conductora del Fiat coincidieron en que el motociclista habr\u00eda cruzado un sem\u00e1foro en rojo, por el momento se esperan por mayores precisiones del caso.\u00a0\u00a0<\/p>\n\n\n\n<p><strong>Fuente: www.mendozapost.com<\/strong><\/p>\n","protected":false},"excerpt":{"rendered":"<p>Un motociclista que trabaja para una aplicaci\u00f3n de reparto&nbsp;protagoniz\u00f3 un siniestro vial&nbsp;este&nbsp; mi\u00e9rcoles cerca de las 13.30en Godoy Cruz, en la intersecci\u00f3n de las calles \u00c1lvarez Thomas y Figueroa Alcorta.&nbsp; Seg\u00fan testigos,\u00a0el repartidor habr\u00eda pasado un sem\u00e1foro en rojo, lo que desencaden\u00f3 una triple colisi\u00f3n\u00a0que involucr\u00f3 tambi\u00e9n a un Fiat Punto y un colectivo de [&hellip;]<\/p>\n","protected":false},"author":2,"featured_media":14055,"comment_status":"open","ping_status":"open","sticky":false,"template":"","format":"standard","meta":[],"categories":[48],"tags":[],"_links":{"self":[{"href":"https:\/\/pasaenmendoza.com\/index.php?rest_route=\/wp\/v2\/posts\/14054"}],"collection":[{"href":"https:\/\/pasaenmendoza.com\/index.php?rest_route=\/wp\/v2\/posts"}],"about":[{"href":"https:\/\/pasaenmendoza.com\/index.php?rest_route=\/wp\/v2\/types\/post"}],"author":[{"embeddable":true,"href":"https:\/\/pasaenmendoza.com\/index.php?rest_route=\/wp\/v2\/users\/2"}],"replies":[{"embeddable":true,"href":"https:\/\/pasaenmendoza.com\/index.php?rest_route=%2Fwp%2Fv2%2Fcomments&post=14054"}],"version-history":[{"count":1,"href":"https:\/\/pasaenmendoza.com\/index.php?rest_route=\/wp\/v2\/posts\/14054\/revisions"}],"predecessor-version":[{"id":14056,"href":"https:\/\/pasaenmendoza.com\/index.php?rest_route=\/wp\/v2\/posts\/14054\/revisions\/14056"}],"wp:featuredmedia":[{"embeddable":true,"href":"https:\/\/pasaenmendoza.com\/index.php?rest_route=\/wp\/v2\/media\/14055"}],"wp:attachment":[{"href":"https:\/\/pasaenmendoza.com\/index.php?rest_route=%2Fwp%2Fv2%2Fmedia&parent=14054"}],"wp:term":[{"taxonomy":"category","embeddable":true,"href":"https:\/\/pasaenmendoza.com\/index.php?rest_route=%2Fwp%2Fv2%2Fcategories&post=14054"},{"taxonomy":"post_tag","embeddable":true,"href":"https:\/\/pasaenmendoza.com\/index.php?rest_route=%2Fwp%2Fv2%2Ftags&post=14054"}],"curies":[{"name":"wp","href":"https:\/\/api.w.org\/{rel}","templated":true}]}}