{"id":14057,"date":"2025-07-23T22:21:30","date_gmt":"2025-07-23T20:21:30","guid":{"rendered":"https:\/\/pasaenmendoza.com\/?p=14057"},"modified":"2025-07-23T22:21:31","modified_gmt":"2025-07-23T20:21:31","slug":"la-interna-del-pj-en-mendoza-se-tensa-que-traba-el-acuerdo-entre-intendentes-y-kirchnerismo","status":"publish","type":"post","link":"https:\/\/pasaenmendoza.com\/?p=14057","title":{"rendered":"La interna del PJ en Mendoza se tensa: qu\u00e9 traba el acuerdo entre intendentes y kirchnerismo"},"content":{"rendered":"\n<p>La novela electoral en Mendoza es sin duda alguna la del peronismo, cuya interna se hace cada vez m\u00e1s tensa y a menos de 20 d\u00edas que se someta a votaci\u00f3n la lista partidaria que competir\u00e1 en octubre, a\u00fan no se define siquiera si habr\u00e1 unidad entre el sector de los intendentes y el cristinismo.<\/p>\n\n\n\n<p>Durante los \u00faltimos d\u00edas las charlas se han extendido hasta altas horas de la madrugada, pero las partes no se acercan e incluso aparecen nuevos conflictos.<\/p>\n\n\n\n<p>Si bien hay varios puntos de discusi\u00f3n entre el peronismo ortodoxo y La C\u00e1mpora, el punto principal que traba la negociaci\u00f3n se encuentra en las listas de los concejos deliberantes, principalmente en los departamentos donde el peronismo no gobierna.<\/p>\n\n\n\n<p>En estos municipios hay espacios que piden que se realicen internas para formar las listas de concejales, todos piden quedarse con lugares \u201c<em>entrables<\/em>\u201d y nadie quiere ceder.<\/p>\n\n\n\n<p>Quienes est\u00e1n a favor de la interna aseguran que es la mejor manera de dirimir la discusi\u00f3n entre los diferentes sectores, mientras los que se oponen se\u00f1alan que generar\u00eda un desgaste innecesario en las bases.<\/p>\n\n\n\n<p>Otro foco de conflicto se gener\u00f3 en los nombres que buscar\u00e1n ingresar a la Legislatura provincial. \u201c<em>Hasta ayer eso estaba bastante ordenado, pero anoche volvieron a aparecer diferencias\u201d<\/em>, afirm\u00f3 a\u00a0<em>El Sol<\/em>\u00a0una referente del PJ en interior de la provincia.<\/p>\n\n\n\n<h2 class=\"wp-block-heading\" id=\"h-el-llamado-de-las-centrales-obreras\">El llamado de las centrales obreras<\/h2>\n\n\n\n<p>En los \u00faltimos d\u00edas, m\u00e1s sectores han llamado a que el peronismo confluya en una lista \u00fanica y mete presi\u00f3n a todos los espacios en pugna, principalmente al ciurquismo y al kirchnerismo.<\/p>\n\n\n\n<p>En las \u00faltimas horas a los comunicados de la seccionales de Mendoza de la Confederaci\u00f3n General del Trabajo (CGT) y la Central de Trabajadores Argentinos (CTA) se sum\u00f3 el de Gabriela Lizana, representante del massismo en la provincia.<\/p>\n\n\n\n<p><em>\u201cEl mensaje del frente renovador es claro : UNIDAD para defender a los productores e industrias, UNIDAD para defender a los jubilados. UNIDAD para defender a los que est\u00e1n perdiendo sus trabajos y sus empresas UNIDAD para defender las obras que necesita Mendoza , UNIDAD para frenar los negociados de Cornejo\u201d<\/em>, afirm\u00f3 Lizana en un comunicado.<\/p>\n\n\n\n<p><strong>Fuente: www.elsol.com.ar<\/strong><\/p>\n","protected":false},"excerpt":{"rendered":"<p>La novela electoral en Mendoza es sin duda alguna la del peronismo, cuya interna se hace cada vez m\u00e1s tensa y a menos de 20 d\u00edas que se someta a votaci\u00f3n la lista partidaria que competir\u00e1 en octubre, a\u00fan no se define siquiera si habr\u00e1 unidad entre el sector de los intendentes y el cristinismo. [&hellip;]<\/p>\n","protected":false},"author":2,"featured_media":14058,"comment_status":"open","ping_status":"open","sticky":false,"template":"","format":"standard","meta":[],"categories":[47],"tags":[],"_links":{"self":[{"href":"https:\/\/pasaenmendoza.com\/index.php?rest_route=\/wp\/v2\/posts\/14057"}],"collection":[{"href":"https:\/\/pasaenmendoza.com\/index.php?rest_route=\/wp\/v2\/posts"}],"about":[{"href":"https:\/\/pasaenmendoza.com\/index.php?rest_route=\/wp\/v2\/types\/post"}],"author":[{"embeddable":true,"href":"https:\/\/pasaenmendoza.com\/index.php?rest_route=\/wp\/v2\/users\/2"}],"replies":[{"embeddable":true,"href":"https:\/\/pasaenmendoza.com\/index.php?rest_route=%2Fwp%2Fv2%2Fcomments&post=14057"}],"version-history":[{"count":1,"href":"https:\/\/pasaenmendoza.com\/index.php?rest_route=\/wp\/v2\/posts\/14057\/revisions"}],"predecessor-version":[{"id":14059,"href":"https:\/\/pasaenmendoza.com\/index.php?rest_route=\/wp\/v2\/posts\/14057\/revisions\/14059"}],"wp:featuredmedia":[{"embeddable":true,"href":"https:\/\/pasaenmendoza.com\/index.php?rest_route=\/wp\/v2\/media\/14058"}],"wp:attachment":[{"href":"https:\/\/pasaenmendoza.com\/index.php?rest_route=%2Fwp%2Fv2%2Fmedia&parent=14057"}],"wp:term":[{"taxonomy":"category","embeddable":true,"href":"https:\/\/pasaenmendoza.com\/index.php?rest_route=%2Fwp%2Fv2%2Fcategories&post=14057"},{"taxonomy":"post_tag","embeddable":true,"href":"https:\/\/pasaenmendoza.com\/index.php?rest_route=%2Fwp%2Fv2%2Ftags&post=14057"}],"curies":[{"name":"wp","href":"https:\/\/api.w.org\/{rel}","templated":true}]}}