{"id":14060,"date":"2025-07-24T15:29:28","date_gmt":"2025-07-24T13:29:28","guid":{"rendered":"https:\/\/pasaenmendoza.com\/?p=14060"},"modified":"2025-07-24T15:29:29","modified_gmt":"2025-07-24T13:29:29","slug":"el-tiempo-en-mendoza-para-este-jueves-el-efecto-zonda-eleva-la-temperatura","status":"publish","type":"post","link":"https:\/\/pasaenmendoza.com\/?p=14060","title":{"rendered":"El tiempo en Mendoza para este jueves: el efecto Zonda eleva la temperatura"},"content":{"rendered":"\n<p>La&nbsp;<strong>temperatura m\u00e1xima<\/strong>&nbsp;para este jueves ser\u00e1 de&nbsp;<strong>16 grados cent\u00edgrados, mientras que la m\u00ednima descender\u00e1 a los 4 grados cent\u00edgrados<\/strong>.&nbsp;<strong>Habr\u00e1 efecto Zonda en altura.<\/strong><\/p>\n\n\n\n<p>El pron\u00f3stico adelant\u00f3 que est\u00e1ra \u201c<em>algo nublado con ascenso de la temperatura, vientos moderados del noreste<\/em>\u201c, seg\u00fan detall\u00f3 la Direcci\u00f3n de Contingencias Clim\u00e1ticas.<\/p>\n\n\n\n<p>Adem\u00e1s, se esperan \u201c<em>nevadas en cordillera<\/em>\u201c.<\/p>\n\n\n\n<h2 class=\"wp-block-heading\" id=\"h-alerta-por-zonda\">Alerta por Zonda<\/h2>\n\n\n\n<p>El Servicio Meteorol\u00f3gico Nacional lanz\u00f3 un alerta en nivel amarillo por Zonda para las siguientes zonas:<\/p>\n\n\n\n<ul>\n<li><strong>Jun\u00edn \u2013 Rivadavia \u2013 Valles de Luj\u00e1n de Cuyo \u2013 Valles de San Carlos \u2013 Valles de Tunuy\u00e1n \u2013 Valles de Tupungato (tarde y noche)<\/strong><\/li>\n<\/ul>\n\n\n\n<p>Esto incluye: \u201c<em>El \u00e1rea podr\u00e1 ser afectada por viento Zonda con velocidades estimadas entre 35 y 50 kil\u00f3metros por hora con r\u00e1fagas que podr\u00edan alcanzar los 70 kil\u00f3metros por hora. Este fen\u00f3meno podr\u00e1 provocar reducci\u00f3n de la visibilidad, un aumento repentino de la temperatura y condiciones de humedad relativa muy bajas<\/em>\u201c.<\/p>\n\n\n\n<ul>\n<li><strong>Cordillera de Malarg\u00fce \u2013 Cordillera de San Rafael<\/strong><\/li>\n<\/ul>\n\n\n\n<p>Esto incluye: \u201c<em>El \u00e1rea ser\u00e1 afectada por vientos del sector oeste con velocidades entre 50 y 70 kil\u00f3metros por hora, con r\u00e1fagas que pueden alcanzar los 90 kil\u00f3metros por hora<\/em>\u201c.<\/p>\n\n\n\n<p><strong>Fuente: www.elsol.com.ar<\/strong><\/p>\n","protected":false},"excerpt":{"rendered":"<p>La&nbsp;temperatura m\u00e1xima&nbsp;para este jueves ser\u00e1 de&nbsp;16 grados cent\u00edgrados, mientras que la m\u00ednima descender\u00e1 a los 4 grados cent\u00edgrados.&nbsp;Habr\u00e1 efecto Zonda en altura. El pron\u00f3stico adelant\u00f3 que est\u00e1ra \u201calgo nublado con ascenso de la temperatura, vientos moderados del noreste\u201c, seg\u00fan detall\u00f3 la Direcci\u00f3n de Contingencias Clim\u00e1ticas. Adem\u00e1s, se esperan \u201cnevadas en cordillera\u201c. Alerta por Zonda El [&hellip;]<\/p>\n","protected":false},"author":2,"featured_media":14061,"comment_status":"open","ping_status":"open","sticky":false,"template":"","format":"standard","meta":[],"categories":[52],"tags":[],"_links":{"self":[{"href":"https:\/\/pasaenmendoza.com\/index.php?rest_route=\/wp\/v2\/posts\/14060"}],"collection":[{"href":"https:\/\/pasaenmendoza.com\/index.php?rest_route=\/wp\/v2\/posts"}],"about":[{"href":"https:\/\/pasaenmendoza.com\/index.php?rest_route=\/wp\/v2\/types\/post"}],"author":[{"embeddable":true,"href":"https:\/\/pasaenmendoza.com\/index.php?rest_route=\/wp\/v2\/users\/2"}],"replies":[{"embeddable":true,"href":"https:\/\/pasaenmendoza.com\/index.php?rest_route=%2Fwp%2Fv2%2Fcomments&post=14060"}],"version-history":[{"count":1,"href":"https:\/\/pasaenmendoza.com\/index.php?rest_route=\/wp\/v2\/posts\/14060\/revisions"}],"predecessor-version":[{"id":14062,"href":"https:\/\/pasaenmendoza.com\/index.php?rest_route=\/wp\/v2\/posts\/14060\/revisions\/14062"}],"wp:featuredmedia":[{"embeddable":true,"href":"https:\/\/pasaenmendoza.com\/index.php?rest_route=\/wp\/v2\/media\/14061"}],"wp:attachment":[{"href":"https:\/\/pasaenmendoza.com\/index.php?rest_route=%2Fwp%2Fv2%2Fmedia&parent=14060"}],"wp:term":[{"taxonomy":"category","embeddable":true,"href":"https:\/\/pasaenmendoza.com\/index.php?rest_route=%2Fwp%2Fv2%2Fcategories&post=14060"},{"taxonomy":"post_tag","embeddable":true,"href":"https:\/\/pasaenmendoza.com\/index.php?rest_route=%2Fwp%2Fv2%2Ftags&post=14060"}],"curies":[{"name":"wp","href":"https:\/\/api.w.org\/{rel}","templated":true}]}}