{"id":14063,"date":"2025-07-24T15:39:46","date_gmt":"2025-07-24T13:39:46","guid":{"rendered":"https:\/\/pasaenmendoza.com\/?p=14063"},"modified":"2025-07-24T15:39:47","modified_gmt":"2025-07-24T13:39:47","slug":"el-pro-mendoza-aprobo-su-cronograma-electoral-interno-con-la-mira-puesta-en-octubre","status":"publish","type":"post","link":"https:\/\/pasaenmendoza.com\/?p=14063","title":{"rendered":"El PRO Mendoza aprob\u00f3 su cronograma electoral interno con la mira puesta en octubre"},"content":{"rendered":"\n<p>El&nbsp;<strong>Consejo Directivo Provincial del PRO Mendoza<\/strong>&nbsp;aprob\u00f3 esta semana el&nbsp;<strong>cronograma electoral interno<\/strong>&nbsp;con el objetivo de elegir a sus precandidatos a cargos legislativos para las&nbsp;<strong>Elecciones Generales del 26 de octubre de 2025<\/strong>.<\/p>\n\n\n\n<p>La decisi\u00f3n se tom\u00f3 en el marco de una reuni\u00f3n partidaria encabezada por el presidente del partido,&nbsp;<strong>Gabriel Pradines<\/strong>, quien tambi\u00e9n confirm\u00f3 que&nbsp;<strong>el PRO avanza en negociaciones con otras fuerzas pol\u00edticas afines para conformar un frente electoral<\/strong>.<\/p>\n\n\n\n<p>El PRO debe definir internamente a sus precandidatos. Para ello, convoc\u00f3 a elecciones internas que se celebrar\u00e1n a trav\u00e9s de un\u00a0<strong>sistema de elecci\u00f3n indirecta<\/strong>, mediante el voto del propio Consejo Directivo.<\/p>\n\n\n\n<p>Una de las definiciones centrales del encuentro fue que\u00a0<strong>los precandidatos electos en la interna deber\u00e1n aceptar que su postulaci\u00f3n dentro del frente electoral depender\u00e1 de los acuerdos que firme el partido<\/strong>\u00a0con sus futuros aliados. Esa condici\u00f3n quedar\u00e1 expresamente asentada al momento de aceptar la candidatura.<\/p>\n\n\n\n<h3 class=\"wp-block-heading\" id=\"h-el-cronograma-electoral-interno-del-pro-mendoza\">El cronograma electoral interno del PRO Mendoza<\/h3>\n\n\n\n<ul>\n<li><strong>Presentaci\u00f3n de listas:<\/strong>&nbsp;hasta el s\u00e1bado 9 de agosto<\/li>\n\n\n\n<li><strong>Presentaci\u00f3n extraordinaria en papel:<\/strong>&nbsp;domingo 10<\/li>\n\n\n\n<li><strong>Exhibici\u00f3n de listas:<\/strong>&nbsp;lunes 11<\/li>\n\n\n\n<li><strong>Impugnaciones:<\/strong>&nbsp;martes 12<\/li>\n\n\n\n<li><strong>Subsanaci\u00f3n de documentaci\u00f3n:<\/strong>&nbsp;mi\u00e9rcoles 13<\/li>\n\n\n\n<li><strong>Oficializaci\u00f3n de listas:<\/strong>&nbsp;jueves 14<\/li>\n\n\n\n<li><strong>Elecci\u00f3n de precandidatos:<\/strong>&nbsp;viernes 15<\/li>\n\n\n\n<li><strong>Proclamaci\u00f3n de candidatos electos:<\/strong>&nbsp;s\u00e1bado 16<\/li>\n<\/ul>\n\n\n\n<p>El calendario establece as\u00ed un orden que permitir\u00e1 a la fuerza local de\u00a0<strong>Mauricio Macri\u00a0<\/strong>llegar con una estructura definida y candidatos consolidados a las negociaciones finales para la conformaci\u00f3n del frente electoral que buscar\u00e1 competir con fuerza en octubre.<\/p>\n\n\n\n<p><strong>Fuente: www.elsol.com.ar<\/strong><\/p>\n","protected":false},"excerpt":{"rendered":"<p>El&nbsp;Consejo Directivo Provincial del PRO Mendoza&nbsp;aprob\u00f3 esta semana el&nbsp;cronograma electoral interno&nbsp;con el objetivo de elegir a sus precandidatos a cargos legislativos para las&nbsp;Elecciones Generales del 26 de octubre de 2025. La decisi\u00f3n se tom\u00f3 en el marco de una reuni\u00f3n partidaria encabezada por el presidente del partido,&nbsp;Gabriel Pradines, quien tambi\u00e9n confirm\u00f3 que&nbsp;el PRO avanza en [&hellip;]<\/p>\n","protected":false},"author":2,"featured_media":14064,"comment_status":"open","ping_status":"open","sticky":false,"template":"","format":"standard","meta":[],"categories":[47],"tags":[],"_links":{"self":[{"href":"https:\/\/pasaenmendoza.com\/index.php?rest_route=\/wp\/v2\/posts\/14063"}],"collection":[{"href":"https:\/\/pasaenmendoza.com\/index.php?rest_route=\/wp\/v2\/posts"}],"about":[{"href":"https:\/\/pasaenmendoza.com\/index.php?rest_route=\/wp\/v2\/types\/post"}],"author":[{"embeddable":true,"href":"https:\/\/pasaenmendoza.com\/index.php?rest_route=\/wp\/v2\/users\/2"}],"replies":[{"embeddable":true,"href":"https:\/\/pasaenmendoza.com\/index.php?rest_route=%2Fwp%2Fv2%2Fcomments&post=14063"}],"version-history":[{"count":1,"href":"https:\/\/pasaenmendoza.com\/index.php?rest_route=\/wp\/v2\/posts\/14063\/revisions"}],"predecessor-version":[{"id":14065,"href":"https:\/\/pasaenmendoza.com\/index.php?rest_route=\/wp\/v2\/posts\/14063\/revisions\/14065"}],"wp:featuredmedia":[{"embeddable":true,"href":"https:\/\/pasaenmendoza.com\/index.php?rest_route=\/wp\/v2\/media\/14064"}],"wp:attachment":[{"href":"https:\/\/pasaenmendoza.com\/index.php?rest_route=%2Fwp%2Fv2%2Fmedia&parent=14063"}],"wp:term":[{"taxonomy":"category","embeddable":true,"href":"https:\/\/pasaenmendoza.com\/index.php?rest_route=%2Fwp%2Fv2%2Fcategories&post=14063"},{"taxonomy":"post_tag","embeddable":true,"href":"https:\/\/pasaenmendoza.com\/index.php?rest_route=%2Fwp%2Fv2%2Ftags&post=14063"}],"curies":[{"name":"wp","href":"https:\/\/api.w.org\/{rel}","templated":true}]}}