{"id":14069,"date":"2025-07-24T16:32:07","date_gmt":"2025-07-24T14:32:07","guid":{"rendered":"https:\/\/pasaenmendoza.com\/?p=14069"},"modified":"2025-07-24T16:32:08","modified_gmt":"2025-07-24T14:32:08","slug":"un-policia-detenido-por-filtrar-informacion-a-una-banda-criminal-en-mendoza","status":"publish","type":"post","link":"https:\/\/pasaenmendoza.com\/?p=14069","title":{"rendered":"Un polic\u00eda detenido por filtrar informaci\u00f3n a una banda criminal en Mendoza"},"content":{"rendered":"\n<p>&nbsp;Un oficial inspector de la Polic\u00eda de Mendoza, de apellido Ant\u00fanez,&nbsp;<strong>fue imputado y detenido por presunta participaci\u00f3n en una organizaci\u00f3n criminal<\/strong>&nbsp;que habr\u00eda operado con informaci\u00f3n filtrada de la Comisar\u00eda 44\u00b0 del barrio Unimev en Guaymall\u00e9n,&nbsp; &nbsp; para cometer robos domiciliarios y otros delitos.<\/p>\n\n\n\n<p>La causa ya est\u00e1 en manos de la Justicia Federal y la investigaci\u00f3n comenz\u00f3 en marzo de este a\u00f1o,<strong>&nbsp;tras una denuncia an\u00f3nima que advert\u00eda sobre la filtraci\u00f3n de datos<\/strong>&nbsp;del sistema policial para facilitar acciones delictivas.&nbsp;<\/p>\n\n\n\n<p>&#8220;Empezamos a investigar una denuncia que evidenciaba la participaci\u00f3n de alguien dentro de las fuerzas. Identificamos a este efectivo que, en principio, obten\u00eda informaci\u00f3n y la entregaba a personas vinculadas al delito&#8221;, explic\u00f3 a la prensa\u00a0<strong>Marcelo Puertas<\/strong>, director de la Inspecci\u00f3n General de Seguridad (IGS).<\/p>\n\n\n\n<p>Ant\u00fanez, quien cumpl\u00eda funciones activas al momento de ser identificado, se encuentra imputado, detenido y se abstuvo de declarar. &#8220;<strong>Est\u00e1 sumariado e imputado. Hasta ahora la informaci\u00f3n indica que era un \u2018informante&#8217; y no actuaba de forma directa, aunque ya el solo hecho de entregar informaci\u00f3n constituye un delito<\/strong>&#8220;, precis\u00f3 Puertas.\u00a0<\/p>\n\n\n\n<p>&nbsp;De acuerdo con fuentes oficiales, tras la primera denuncia an\u00f3nima, la Unidad Fiscal de Robos y Hurtos inici\u00f3 una extensa investigaci\u00f3n que se desarroll\u00f3 durante meses bajo estricta reserva, con el objetivo de reunir pruebas s\u00f3lidas. Hasta ahora, no se han dado a conocer detalles sobre los otros&nbsp; integrantes de la banda criminal.<\/p>\n\n\n\n<p>El expediente est\u00e1 en manos de la Justicia Federal, que contin\u00faa investigando para determinar el alcance real de la organizaci\u00f3n. Por el momento, se espera por mayor informaci\u00f3n oficial que aporte m\u00e1s detalles sobre la causa.<\/p>\n\n\n\n<p><strong>Fuente: www.mendozapost.com<\/strong><\/p>\n","protected":false},"excerpt":{"rendered":"<p>&nbsp;Un oficial inspector de la Polic\u00eda de Mendoza, de apellido Ant\u00fanez,&nbsp;fue imputado y detenido por presunta participaci\u00f3n en una organizaci\u00f3n criminal&nbsp;que habr\u00eda operado con informaci\u00f3n filtrada de la Comisar\u00eda 44\u00b0 del barrio Unimev en Guaymall\u00e9n,&nbsp; &nbsp; para cometer robos domiciliarios y otros delitos. La causa ya est\u00e1 en manos de la Justicia Federal y la [&hellip;]<\/p>\n","protected":false},"author":2,"featured_media":14070,"comment_status":"open","ping_status":"open","sticky":false,"template":"","format":"standard","meta":[],"categories":[48],"tags":[],"_links":{"self":[{"href":"https:\/\/pasaenmendoza.com\/index.php?rest_route=\/wp\/v2\/posts\/14069"}],"collection":[{"href":"https:\/\/pasaenmendoza.com\/index.php?rest_route=\/wp\/v2\/posts"}],"about":[{"href":"https:\/\/pasaenmendoza.com\/index.php?rest_route=\/wp\/v2\/types\/post"}],"author":[{"embeddable":true,"href":"https:\/\/pasaenmendoza.com\/index.php?rest_route=\/wp\/v2\/users\/2"}],"replies":[{"embeddable":true,"href":"https:\/\/pasaenmendoza.com\/index.php?rest_route=%2Fwp%2Fv2%2Fcomments&post=14069"}],"version-history":[{"count":1,"href":"https:\/\/pasaenmendoza.com\/index.php?rest_route=\/wp\/v2\/posts\/14069\/revisions"}],"predecessor-version":[{"id":14071,"href":"https:\/\/pasaenmendoza.com\/index.php?rest_route=\/wp\/v2\/posts\/14069\/revisions\/14071"}],"wp:featuredmedia":[{"embeddable":true,"href":"https:\/\/pasaenmendoza.com\/index.php?rest_route=\/wp\/v2\/media\/14070"}],"wp:attachment":[{"href":"https:\/\/pasaenmendoza.com\/index.php?rest_route=%2Fwp%2Fv2%2Fmedia&parent=14069"}],"wp:term":[{"taxonomy":"category","embeddable":true,"href":"https:\/\/pasaenmendoza.com\/index.php?rest_route=%2Fwp%2Fv2%2Fcategories&post=14069"},{"taxonomy":"post_tag","embeddable":true,"href":"https:\/\/pasaenmendoza.com\/index.php?rest_route=%2Fwp%2Fv2%2Ftags&post=14069"}],"curies":[{"name":"wp","href":"https:\/\/api.w.org\/{rel}","templated":true}]}}