{"id":14073,"date":"2025-07-28T15:22:27","date_gmt":"2025-07-28T13:22:27","guid":{"rendered":"https:\/\/pasaenmendoza.com\/?p=14073"},"modified":"2025-07-28T15:22:28","modified_gmt":"2025-07-28T13:22:28","slug":"el-tiempo-en-mendoza-para-este-lunes-se-mantiene-el-frio-y-mejora-en-cordillera","status":"publish","type":"post","link":"https:\/\/pasaenmendoza.com\/?p=14073","title":{"rendered":"El tiempo en Mendoza para este lunes: se mantiene el fr\u00edo y mejora en cordillera"},"content":{"rendered":"\n<p>La temperatura m\u00e1xima para este lunes estar\u00e1 entre los 11 y los 14 grados cent\u00edgrados, mientras que la m\u00ednima bajar\u00e1 a 2 grados cent\u00edgrados.<\/p>\n\n\n\n<p>Estar\u00e1 \u201cparcialmente nublado con ascenso de la temperatura\u201d, seg\u00fan el pron\u00f3stico de la Direcci\u00f3n de Contingencias Clim\u00e1ticas.<\/p>\n\n\n\n<p>Tambi\u00e9n se esperan \u201cvientos leves del noreste\u201d.<\/p>\n\n\n\n<p>Atenci\u00f3n a los productores: heladas parciales matinales.<\/p>\n\n\n\n<p>El tiempo mejora en cordillera, donde se encuentra cerrado el paso a Chile desde el s\u00e1bado por nevadas. Se esperaba que las precipitaciones n\u00edveas terminaran alrededor de las 6 de este lunes.<\/p>\n\n\n\n<p>En la alta monta\u00f1a: nubosidad variable, nevadas aisladas y algo ventoso.<\/p>\n\n\n\n<p><strong>Fuente: www.elsol.com.ar<\/strong><\/p>\n","protected":false},"excerpt":{"rendered":"<p>La temperatura m\u00e1xima para este lunes estar\u00e1 entre los 11 y los 14 grados cent\u00edgrados, mientras que la m\u00ednima bajar\u00e1 a 2 grados cent\u00edgrados. Estar\u00e1 \u201cparcialmente nublado con ascenso de la temperatura\u201d, seg\u00fan el pron\u00f3stico de la Direcci\u00f3n de Contingencias Clim\u00e1ticas. Tambi\u00e9n se esperan \u201cvientos leves del noreste\u201d. Atenci\u00f3n a los productores: heladas parciales matinales. [&hellip;]<\/p>\n","protected":false},"author":2,"featured_media":14074,"comment_status":"open","ping_status":"open","sticky":false,"template":"","format":"standard","meta":[],"categories":[52],"tags":[],"_links":{"self":[{"href":"https:\/\/pasaenmendoza.com\/index.php?rest_route=\/wp\/v2\/posts\/14073"}],"collection":[{"href":"https:\/\/pasaenmendoza.com\/index.php?rest_route=\/wp\/v2\/posts"}],"about":[{"href":"https:\/\/pasaenmendoza.com\/index.php?rest_route=\/wp\/v2\/types\/post"}],"author":[{"embeddable":true,"href":"https:\/\/pasaenmendoza.com\/index.php?rest_route=\/wp\/v2\/users\/2"}],"replies":[{"embeddable":true,"href":"https:\/\/pasaenmendoza.com\/index.php?rest_route=%2Fwp%2Fv2%2Fcomments&post=14073"}],"version-history":[{"count":1,"href":"https:\/\/pasaenmendoza.com\/index.php?rest_route=\/wp\/v2\/posts\/14073\/revisions"}],"predecessor-version":[{"id":14075,"href":"https:\/\/pasaenmendoza.com\/index.php?rest_route=\/wp\/v2\/posts\/14073\/revisions\/14075"}],"wp:featuredmedia":[{"embeddable":true,"href":"https:\/\/pasaenmendoza.com\/index.php?rest_route=\/wp\/v2\/media\/14074"}],"wp:attachment":[{"href":"https:\/\/pasaenmendoza.com\/index.php?rest_route=%2Fwp%2Fv2%2Fmedia&parent=14073"}],"wp:term":[{"taxonomy":"category","embeddable":true,"href":"https:\/\/pasaenmendoza.com\/index.php?rest_route=%2Fwp%2Fv2%2Fcategories&post=14073"},{"taxonomy":"post_tag","embeddable":true,"href":"https:\/\/pasaenmendoza.com\/index.php?rest_route=%2Fwp%2Fv2%2Ftags&post=14073"}],"curies":[{"name":"wp","href":"https:\/\/api.w.org\/{rel}","templated":true}]}}