{"id":14076,"date":"2025-07-28T15:29:24","date_gmt":"2025-07-28T13:29:24","guid":{"rendered":"https:\/\/pasaenmendoza.com\/?p=14076"},"modified":"2025-07-28T15:29:25","modified_gmt":"2025-07-28T13:29:25","slug":"esto-se-paga-sangre-por-sangre-madre-por-madre-el-tiroteo-despues-del-femicidio-en-las-heras","status":"publish","type":"post","link":"https:\/\/pasaenmendoza.com\/?p=14076","title":{"rendered":"\u201cEsto se paga sangre por sangre, madre por madre\u201d: el tiroteo despu\u00e9s del femicidio en Las Heras"},"content":{"rendered":"\n<p>Dos casas fueron atacadas a balazos en el barrio Democracia de Las Heras la noche del domingo, pocas horas despu\u00e9s de que se conociera el femicidio de\u00a0<strong>Flora In\u00e9s Moyano<\/strong>, la mujer de 60 a\u00f1os asesinada presuntamente por su pareja,\u00a0<strong>Walter Jes\u00fas Molina<\/strong>, un condenado por abuso sexual agravado que gozaba de salidas transitorias. La principal hip\u00f3tesis de los investigadores apunta a una posible venganza por parte de familiares de la v\u00edctima, quienes habr\u00edan buscado hacer justicia por mano propia.<\/p>\n\n\n\n<p><strong>El ataque ocurri\u00f3 el domingo a las 22.30<\/strong>, en un callej\u00f3n interno del citado complejo. Los disparos impactaron en las viviendas de dos mujeres. Una de ellas declar\u00f3 durante la madrugada de este lunes que, en plena noche, escuch\u00f3 las detonaciones mientras estaba dentro de su casa. Adem\u00e1s, denunci\u00f3 que un familiar suyo (sobrino) recibi\u00f3 previamente una llamada an\u00f3nima y de n\u00famero privado que le advirti\u00f3:\u00a0<em>\u201cEsto se paga sangre por sangre, madre por madre\u201d.<\/em><\/p>\n\n\n\n<p>La otra casa atacada fue la de otra mujer (se reserva su identidad), ubicada en el mismo sector. La mujer cont\u00f3 que al regresar del domicilio de un familiar observ\u00f3, desde lejos, a\u00a0<strong>seis sujetos vestidos de negro y con el rostro cubierto disparando contra su vivienda<\/strong>. Vecinos le habr\u00edan confirmado luego que los agresores ser\u00edan familiares directos de Moyano -se presume que nietos-, a quienes identificaron por sus apodos:\u00a0<em>\u201cGatito\u201d,<\/em>\u00a0<em>\u201cGato\u201d<\/em>\u00a0y<em>\u00a0\u201cMudo\u201d<\/em>, aportando una cuarta persona con nombre y apellido.<\/p>\n\n\n\n<p><strong>Uno de los proyectiles habr\u00eda alcanzado levemente a Mario Molina, hermano del principal sospechoso del femicidio<\/strong>, quien fue rozado en la mano derecha. A pesar del disparo, se neg\u00f3 a recibir atenci\u00f3n m\u00e9dica. Tambi\u00e9n declar\u00f3 haber reconocido a varios de los tiradores, todos armados, aunque no pudo precisar qui\u00e9n dispar\u00f3.<\/p>\n\n\n\n<p>Seg\u00fan detallaron fuentes policiales y judiciales a\u00a0<em><strong>El Sol<\/strong><\/em>, varios vecinos se negaron a colaborar con la investigaci\u00f3n y no se hallaron c\u00e1maras de seguridad en el \u00e1rea.<\/p>\n\n\n\n<h3 class=\"wp-block-heading\" id=\"h-el-crimen-que-desato-la-furia\">El crimen que desat\u00f3 la furia<\/h3>\n\n\n\n<p>Horas antes del ataque, durante la ma\u00f1ana del domingo, personal policial de Investigaciones\u00a0<strong>encontr\u00f3 el cuerpo de Flora Moyano en un descampado de calle Jun\u00edn, frente al albergue Las Palmeras<\/strong>. Ten\u00eda signos de violencia en la cabeza y una inscripci\u00f3n en la espalda, lo que refuerza la hip\u00f3tesis de un crimen motivado por los celos. Como se activ\u00f3 el protocolo de femicidio, un forense en la escena determin\u00f3 que la v\u00edctima muri\u00f3 por un fuerte golpe en la cabeza y, se presume, por asfixia.<\/p>\n\n\n\n<p>Moyano hab\u00eda sido reportada como desaparecida la madrugada del domingo. Seg\u00fan su hija, hab\u00eda salido la tarde anterior para encontrarse con su pareja, Walter Jes\u00fas Molina, con quien ten\u00eda intenciones de terminar la relaci\u00f3n.<\/p>\n\n\n\n<p>Molina, condenado por abuso sexual en 2015, estaba alojado en la Granja Penal de Gustavo Andr\u00e9 y gozaba de salidas transitorias autorizadas por la jueza&nbsp;<strong>Mirna Montaldi,&nbsp;<\/strong>pese a que la ley provincial impide ese beneficio para delitos graves. Estaba a tres meses de la libertad asistida.<\/p>\n\n\n\n<p>El informe t\u00e9cnico del penal hab\u00eda desaconsejado liberarlo,&nbsp;<strong>pero la magistrada declar\u00f3 inconstitucional el art\u00edculo 72 del C\u00f3digo de Ejecuci\u00f3n Penal<\/strong>, permiti\u00e9ndole salir del penal dos veces al mes durante 16 horas.<\/p>\n\n\n\n<p>Durante esas salidas,\u00a0<strong>Molina frecuentaba precisamente el barrio Democracia, donde viv\u00eda su madre, en la misma zona donde se produjo el tiroteo<\/strong>. Seg\u00fan los testimonios recabados, all\u00ed tambi\u00e9n sol\u00eda encontrarse con Moyano.<\/p>\n\n\n\n<p>El fiscal de Homicidios a cargo de la instrucci\u00f3n,\u00a0<strong>Gustavo Pirrello<\/strong>, lo investiga ahora como principal sospechoso del femicidio y dispuso su detenci\u00f3n. Este lunes ser\u00e1 imputado por homicidio agravado.<\/p>\n\n\n\n<p><strong>Fuente: www.elsol.com.ar<\/strong><\/p>\n","protected":false},"excerpt":{"rendered":"<p>Dos casas fueron atacadas a balazos en el barrio Democracia de Las Heras la noche del domingo, pocas horas despu\u00e9s de que se conociera el femicidio de\u00a0Flora In\u00e9s Moyano, la mujer de 60 a\u00f1os asesinada presuntamente por su pareja,\u00a0Walter Jes\u00fas Molina, un condenado por abuso sexual agravado que gozaba de salidas transitorias. La principal hip\u00f3tesis [&hellip;]<\/p>\n","protected":false},"author":2,"featured_media":14077,"comment_status":"open","ping_status":"open","sticky":false,"template":"","format":"standard","meta":[],"categories":[48],"tags":[],"_links":{"self":[{"href":"https:\/\/pasaenmendoza.com\/index.php?rest_route=\/wp\/v2\/posts\/14076"}],"collection":[{"href":"https:\/\/pasaenmendoza.com\/index.php?rest_route=\/wp\/v2\/posts"}],"about":[{"href":"https:\/\/pasaenmendoza.com\/index.php?rest_route=\/wp\/v2\/types\/post"}],"author":[{"embeddable":true,"href":"https:\/\/pasaenmendoza.com\/index.php?rest_route=\/wp\/v2\/users\/2"}],"replies":[{"embeddable":true,"href":"https:\/\/pasaenmendoza.com\/index.php?rest_route=%2Fwp%2Fv2%2Fcomments&post=14076"}],"version-history":[{"count":1,"href":"https:\/\/pasaenmendoza.com\/index.php?rest_route=\/wp\/v2\/posts\/14076\/revisions"}],"predecessor-version":[{"id":14078,"href":"https:\/\/pasaenmendoza.com\/index.php?rest_route=\/wp\/v2\/posts\/14076\/revisions\/14078"}],"wp:featuredmedia":[{"embeddable":true,"href":"https:\/\/pasaenmendoza.com\/index.php?rest_route=\/wp\/v2\/media\/14077"}],"wp:attachment":[{"href":"https:\/\/pasaenmendoza.com\/index.php?rest_route=%2Fwp%2Fv2%2Fmedia&parent=14076"}],"wp:term":[{"taxonomy":"category","embeddable":true,"href":"https:\/\/pasaenmendoza.com\/index.php?rest_route=%2Fwp%2Fv2%2Fcategories&post=14076"},{"taxonomy":"post_tag","embeddable":true,"href":"https:\/\/pasaenmendoza.com\/index.php?rest_route=%2Fwp%2Fv2%2Ftags&post=14076"}],"curies":[{"name":"wp","href":"https:\/\/api.w.org\/{rel}","templated":true}]}}