{"id":14079,"date":"2025-07-28T15:33:13","date_gmt":"2025-07-28T13:33:13","guid":{"rendered":"https:\/\/pasaenmendoza.com\/?p=14079"},"modified":"2025-07-28T15:33:14","modified_gmt":"2025-07-28T13:33:14","slug":"mendoza-ya-supero-los-femicidios-de-2024-seis-mujeres-fueron-asesinadas-en-lo-que-va-del-ano","status":"publish","type":"post","link":"https:\/\/pasaenmendoza.com\/?p=14079","title":{"rendered":"Mendoza ya super\u00f3 los femicidios de 2024: seis mujeres fueron asesinadas en lo que va del a\u00f1o"},"content":{"rendered":"\n<p>La violencia de g\u00e9nero volvi\u00f3 a sacudir a Mendoza\u00a0este domingo con el hallazgo del cuerpo de una mujer en un descampado de Las Heras.\u00a0Se trata del sexto femicidio en lo que va de 2025, y con esta cifra la provincia super\u00f3 los cr\u00edmenes registrados durante todo el a\u00f1o pasado.<\/p>\n\n\n\n<p>La v\u00edctima fue identificada como\u00a0<strong>Flora In\u00e9s Moyano<\/strong>, de 60 a\u00f1os, vecina del barrio Democracia. Su cuerpo fue encontrado por la ma\u00f1ana, tirado boca abajo entre malezas, frente al albergue transitorio Las Palmeras, en Las Heras. Estaba desaparecida desde el s\u00e1bado por la tarde, despu\u00e9s de las 19.<\/p>\n\n\n\n<p>La hija de la mujer hab\u00eda denunciado su paradero tras advertir que se hab\u00eda ido a encontrar con su pareja y no hab\u00eda regresado. Efectivos de la Divisi\u00f3n B\u00fasqueda de Personas de Investigaciones dieron con el cad\u00e1ver despu\u00e9s de las 11, luego de que un carretelero alertara sobre un cad\u00e1ver en el descampado.<\/p>\n\n\n\n<p>El fiscal Gustavo Pirrello qued\u00f3 a cargo del caso y\u00a0<strong>Walter Jes\u00fas Molina<\/strong>, un hombre que cumple condena por abusar sexualmente de su hija con salidas transitorias en la Granja Penal de Gustavo Andr\u00e9 y ten\u00eda una relaci\u00f3n con la v\u00edctima, qued\u00f3 detenido e iba a ser imputado por femicidio.\u00a0<strong>La familia asegur\u00f3 que ella planeaba terminar ese v\u00ednculo.<\/strong><\/p>\n\n\n\n<p>Con este crimen, Mendoza contabiliza seis femicidios en poco m\u00e1s de seis meses. A continuaci\u00f3n, un repaso de los otros cinco casos:<\/p>\n\n\n\n<p><strong>29 de enero \u2013 Antonia Falc\u00f3n (60)<\/strong>: enfermera hallada muerta tras un incendio en su casa del barrio San Vicente II, en Guaymall\u00e9n. La autopsia revel\u00f3 que fue estrangulada antes de ser rociada con l\u00edquido inflamable. El acusado es su vecino,\u00a0<strong>Dami\u00e1n Orozco Espejo<\/strong>, quien fue imputado por femicidio.<\/p>\n\n\n\n<p><strong>31 de enero \u2013 Alejandra Cuevas<\/strong>: cuerpo calcinado hallado en un descampado de Las Heras. Ten\u00eda quemaduras y estaba en estado de descomposici\u00f3n. Fue vinculada a una desaparici\u00f3n. Su pareja,\u00a0<strong>N\u00e9stor Rabanos<\/strong>, fue detenido y est\u00e1 acusado del crimen.<\/p>\n\n\n\n<p><strong>17 de febrero \u2013 Eliana Speziale (44)<\/strong>: encontrada sin vida en una mini usina de Jun\u00edn, atrapada entre compuertas. Las sospechas recayeron sobre su ex pareja, el ex polic\u00eda&nbsp;<strong>H\u00e9ctor Castro<\/strong>, quien fue imputado por homicidio agravado por el v\u00ednculo y violencia de g\u00e9nero.<\/p>\n\n\n\n<p><strong>17 de marzo \u2013 Ver\u00f3nica Magallanes (49)<\/strong>\u00a0y su hijo Mariano (32): murieron tras un incendio intencional en su casa, en el asentamiento pr\u00f3ximo al barrio San Mart\u00edn. El autor fue\u00a0<strong>Rolando Celed\u00f3n Tello<\/strong>, ex pareja de la mujer, quien tambi\u00e9n falleci\u00f3 por las quemaduras. La causa ser\u00e1 archivada.<\/p>\n\n\n\n<p><strong>30 de marzo \u2013 Carla Janet Del Souc (27)<\/strong>: docente asesinada a pu\u00f1aladas por su ex pareja,&nbsp;<strong>Federico Acevedo<\/strong>, en un comercio de Rivadavia. El femicida se suicid\u00f3 minutos despu\u00e9s.<\/p>\n\n\n\n<p>As\u00ed las cosas,<strong>\u00a0en solo medio a\u00f1o, Mendoza ya super\u00f3 los femicidios de todo 2024.<\/strong>\u00a0La mayor\u00eda de las v\u00edctimas conoc\u00eda a sus agresores y, en algunos casos, exist\u00edan antecedentes de violencia previos.<\/p>\n\n\n\n<p><strong>Fuente: www.elsol.com.ar<\/strong><\/p>\n","protected":false},"excerpt":{"rendered":"<p>La violencia de g\u00e9nero volvi\u00f3 a sacudir a Mendoza\u00a0este domingo con el hallazgo del cuerpo de una mujer en un descampado de Las Heras.\u00a0Se trata del sexto femicidio en lo que va de 2025, y con esta cifra la provincia super\u00f3 los cr\u00edmenes registrados durante todo el a\u00f1o pasado. La v\u00edctima fue identificada como\u00a0Flora In\u00e9s [&hellip;]<\/p>\n","protected":false},"author":2,"featured_media":14080,"comment_status":"open","ping_status":"open","sticky":false,"template":"","format":"standard","meta":[],"categories":[48],"tags":[],"_links":{"self":[{"href":"https:\/\/pasaenmendoza.com\/index.php?rest_route=\/wp\/v2\/posts\/14079"}],"collection":[{"href":"https:\/\/pasaenmendoza.com\/index.php?rest_route=\/wp\/v2\/posts"}],"about":[{"href":"https:\/\/pasaenmendoza.com\/index.php?rest_route=\/wp\/v2\/types\/post"}],"author":[{"embeddable":true,"href":"https:\/\/pasaenmendoza.com\/index.php?rest_route=\/wp\/v2\/users\/2"}],"replies":[{"embeddable":true,"href":"https:\/\/pasaenmendoza.com\/index.php?rest_route=%2Fwp%2Fv2%2Fcomments&post=14079"}],"version-history":[{"count":1,"href":"https:\/\/pasaenmendoza.com\/index.php?rest_route=\/wp\/v2\/posts\/14079\/revisions"}],"predecessor-version":[{"id":14081,"href":"https:\/\/pasaenmendoza.com\/index.php?rest_route=\/wp\/v2\/posts\/14079\/revisions\/14081"}],"wp:featuredmedia":[{"embeddable":true,"href":"https:\/\/pasaenmendoza.com\/index.php?rest_route=\/wp\/v2\/media\/14080"}],"wp:attachment":[{"href":"https:\/\/pasaenmendoza.com\/index.php?rest_route=%2Fwp%2Fv2%2Fmedia&parent=14079"}],"wp:term":[{"taxonomy":"category","embeddable":true,"href":"https:\/\/pasaenmendoza.com\/index.php?rest_route=%2Fwp%2Fv2%2Fcategories&post=14079"},{"taxonomy":"post_tag","embeddable":true,"href":"https:\/\/pasaenmendoza.com\/index.php?rest_route=%2Fwp%2Fv2%2Ftags&post=14079"}],"curies":[{"name":"wp","href":"https:\/\/api.w.org\/{rel}","templated":true}]}}