{"id":1408,"date":"2023-09-13T13:53:47","date_gmt":"2023-09-13T11:53:47","guid":{"rendered":"https:\/\/pasaenmendoza.com\/?p=1408"},"modified":"2023-09-13T13:53:48","modified_gmt":"2023-09-13T11:53:48","slug":"la-detencion-de-un-ex-funcionario-complica-a-orozco-y-su-esposa","status":"publish","type":"post","link":"https:\/\/pasaenmendoza.com\/?p=1408","title":{"rendered":"La detenci\u00f3n de un ex funcionario complica a Orozco y su esposa"},"content":{"rendered":"\n<p>ranco Cortez est\u00e1 preso acusado de abuso sexual con acceso carnal a una empleada. Su detenci\u00f3n puede complicar la situaci\u00f3n de Daniel Orozco y Janina Ortiz en la causa de encubrimiento. Aquel abuso fue el disparador de todos los casos. El clan Cortez y su peso en el entorno de Ortiz.<\/p>\n\n\n\n<p>El ex Coordinador de Juventud del Municipio de Las Heras\u00a0<strong>Franco Angel Cortez\u00a0<\/strong>(25) lleg\u00f3 a la esquina de Ar\u00edstides Villanueva y Olascoaga de la Ciudad de Mendoza el martes, puntualmente a las cinco y media de la tarde. Plena zona comercial de bares y caf\u00e9s.\u00a0La versi\u00f3n oficiosa\u00a0recabada en informes policiales y judiciales dice que apareci\u00f3 solo aunque hab\u00eda dos amigos cerca. Luc\u00eda listo para una cita con probabilidades amorosas que habr\u00eda concertado con una mujer a trav\u00e9s de la mensajer\u00eda de Facebook. Una joven veintea\u00f1era como \u00e9l. Pero no hab\u00eda tal encuentro. En realidad se habr\u00eda tratado de un se\u00f1uelo.\u00a0<strong>Un perfil falso<\/strong>\u00a0a qui\u00e9n los psic\u00f3logos que trabajan con la Polic\u00eda de Mendoza y con los polic\u00edas de Investigaciones le construyeron una identidad, una historia, y un lenguaje para tender\u00a0<strong>un puente de empat\u00eda<\/strong>\u00a0con el joven ex funcionario -y empleado a\u00fan- del municipio de Las Heras. Esta &#8220;chica&#8221; falsa usada de se\u00f1uelo primero le dio &#8220;me gusta&#8221; en Facebook a alg\u00fan posteo de Cortez, y luego comenzaron a chatear durante tres d\u00edas, hasta que concertaron una cita en la esquina en la que fue detenido. La idea era conversar y elegir un caf\u00e9 para seguir la tarde. Nunca pas\u00f3. &#8220;Pic\u00f3 enseguida&#8221; dijeron los investigadores, conformes con el plan dise\u00f1ado entre los detectives y el fiscal\u00a0<strong>Mart\u00edn Lucero.<\/strong>\u00a0Cuando el muchacho se acerc\u00f3 a la esquina, fue capturado de inmediato por dos parejas de polic\u00edas que estaban caminando ah\u00ed de un lado a otro, esperando por el sospechoso. Lo esposaron, lleg\u00f3 un m\u00f3vil y lo trasladaron a la Comisar\u00eda 6ta, en el Barrio Cano de Ciudad de Mendoza.\u00a0<strong>Hay otra versi\u00f3n de esa detenci\u00f3n<\/strong>. La dio una mujer que dijo llamarse\u00a0<strong>Julieta Funes<\/strong>, y que jug\u00f3 muy fuerte ayer en las redes sociales fotografiada con un embarazo de 39 semanas junto a\u00a0<strong>Franco Cortez<\/strong>, pidiendo la libertad de su pareja. &#8220;No es cierto que lo apresaran con un falso perfil. Est\u00e1bamos en un\u00a0<em>Farmacity<\/em>\u00a0de la calle Col\u00f3n, comprando una mamadera que nos faltaba. Llam\u00f3 una ayudante fiscal y nos dijo que ten\u00edamos que entregar una notificaci\u00f3n en la calle Ar\u00edstides, y lo detuvieron. Lleg\u00f3 un m\u00f3vil y se lo llev\u00f3. Yo estaba con \u00e9l&#8230;&#8221; asegur\u00f3 al Post, aunque esta versi\u00f3n no pudo ser contrastada. Fuentes del Ministerio de Seguridad dijeron que esa historia es falsa.<strong>\u00a0&#8220;La mujer de Cortez apareci\u00f3 despu\u00e9s&#8221;\u00a0<\/strong>dijeron e insistieron con la versi\u00f3n del se\u00f1uelo. La chica pareja de Cortez hizo unos cu\u00e1ntos posteos en Twitter con pedidos a los medios, para hacerse o\u00edr.<\/p>\n\n\n\n<p>Las versiones sobre la detenci\u00f3n de Cortez s\u00ed coinciden en un punto.\u00a0<strong>No se resisti\u00f3, ni dijo palabra alguna.\u00a0<\/strong>Hoy mi\u00e9rcoles por la ma\u00f1ana ser\u00eda trasladado primero al Polo Judicial y luego, muy probablemente a San Felipe o Boulogne Sur Mer.\u00a0<em>\u00bfPor qu\u00e9 se tomaron tantas prevenciones y se dise\u00f1\u00f3 un operativo para apresarlo?<\/em>\u00a0<strong>Porque tem\u00edan una fuga<\/strong>. -Allanar un domicilio en Las Heras y tratar de detener a alguien que por ah\u00ed no est\u00e1, significa un riesgo de fuga alto- dijeron fuentes del caso a este diario. Tuvieron bastante con la huida del ex empleado municipal de Tunuy\u00e1n,\u00a0<strong>Sergio Pinto<\/strong>, uno de los que dirigi\u00f3 la intifada e intentos de saqueo el lunes 21 de agosto. A\u00fan est\u00e1 pr\u00f3fugo.<\/p>\n\n\n\n<p><strong>Franco Cortez<\/strong>\u00a0est\u00e1 acusado de un delito muy grave:\u00a0<strong>abuso sexual con acceso carnal de una empleada municipal<\/strong>, un hecho que habr\u00eda ocurrido en la tarde del 8 de julio de 2020, en plena pandemia, cuando un grupo de empleados estaba elaborando sopaipillas para que el intendente\u00a0<strong>Daniel Orozco\u00a0<\/strong>repartiese en la calle para aquel festejo de la Independencia. Aquella violaci\u00f3n fue en verdad el inicio de la saga de #LasHerasGate y el primer eslab\u00f3n de una serie incre\u00edble de casos penales.<\/p>\n\n\n\n<p>Aunque es el &#8220;pich\u00f3n&#8221; de su propia familia dentro de la Municipalidad,\u00a0<strong>Franco Cortez\u00a0<\/strong>no es cualquier\u00a0<em>perejil<\/em>\u00a0de la estructura pol\u00edtica de la esposa de Daniel Orozco. El joven es un\u00a0<em>pretoriano<\/em>\u00a0de\u00a0<strong>Janina Ortiz<\/strong>. Un integrante de los clanes favorecidos del d\u00fao que gobierna Las Heras en medio de un verdadero desbande, mientras aparecen casos de corrupci\u00f3n e irregularidades por d\u00eda, desde que decidieron despedir a una cantidad importante de funcionarios que no quisieron emprender con ellos la aventura electoral de<strong>\u00a0La Uni\u00f3n Mendocina<\/strong>, junto al diputado nacional\u00a0<strong>Omar De Marchi<\/strong>\u00a0que es el candidato a gobernador. Esa fractura destroz\u00f3 la gesti\u00f3n. Aunque\u00a0<strong>Orozco<\/strong>\u00a0y\u00a0<strong>Ortiz<\/strong>\u00a0consiguieron buenas postulaciones. El intendente es candidato a vicegobernador, y su esposa es candidata a diputada provincial por el Primer Distrito en segundo t\u00e9rmino, detr\u00e1s del sancarlino<strong>\u00a0Jorge Difonso<\/strong>.<\/p>\n\n\n\n<p>La empleada v\u00edctima del abuso del que\u00a0<strong>Cortez<\/strong>\u00a0est\u00e1 acusado por el fiscal\u00a0<strong>Mart\u00edn Lucero<\/strong>, de la UFI de delitos sexuales, lo denunci\u00f3 tres a\u00f1os despu\u00e9s de aquella tarde horrible.\u00a0Pero aquel hecho aberrante fue el inicio de una saga\u00a0que desnud\u00f3 como ning\u00fan otro caso el modo\u00a0<strong>salvaje<\/strong>,\u00a0<strong>inapropiado<\/strong>, probablemente\u00a0<strong>corrupto<\/strong>,\u00a0<strong>estrafalario<\/strong>\u00a0y de tintes\u00a0<strong>mafiosos<\/strong>\u00a0con que se conduce la Municipalidad de Las Heras.<\/p>\n\n\n\n<p>\u00bfPor qu\u00e9 es importante la detenci\u00f3n de\u00a0<strong>Franco Cortez<\/strong>? Porque si este caso avanza, indefectiblemente tomar\u00e1 cuerpo la acusaci\u00f3n de\u00a0<strong>encubrimiento<\/strong>, abuso de autoridad y coacciones que el abogado Ramiro Villalba plante\u00f3 contra\u00a0<strong>Daniel Orozco<\/strong>\u00a0y su mujer\u00a0<strong>Janina Ortiz<\/strong>\u00a0-Secretaria de gobierno- en representaci\u00f3n de las dos v\u00edctimas de esta historia: la joven violada y su amiga, que denunci\u00f3 haber sido obligada a acostarse con el subsecretario de pol\u00edticas sociales\u00a0<strong>Osvaldo Oyhenart<\/strong>, con el que hab\u00edan roto una relaci\u00f3n sentimental, y grabarlo por cuenta de\u00a0<strong>Janina Ortiz<\/strong>. La funcionaria, aparentemente, quer\u00eda saber si\u00a0<strong>Oyhenart<\/strong>\u00a0los estaba &#8220;caminando&#8221; con probables traiciones pol\u00edticas, o incluso de otro tipo.\u00a0El funcionario es el principal imputado en el caso de las cooperativas &#8220;fantasma&#8221;\u00a0del departamento, junto a su yerno<strong>\u00a0Juan Pablo Pandolfi<\/strong>, y al puntero\u00a0<strong>Adri\u00e1n &#8220;El Moco&#8221; P\u00e9rez<\/strong>, presidente de la cooperativa de fantas\u00eda\u00a0<strong>&#8220;Manos a la Obra&#8221;<\/strong>. Est\u00e1n acusados de fraude a la administraci\u00f3n p\u00fablica y estafa contra el municipio de Las Heras.<\/p>\n\n\n\n<p>El clan Cortez<\/p>\n\n\n\n<p>Dentro de la Municipalidad, la esposa de Orozco es m\u00e1s importante que el propio m\u00e9dico geront\u00f3logo que la gente vot\u00f3 para que ocupe la intendencia.&nbsp;<strong>Janina Ortiz<\/strong>&nbsp;se maneja en los repliegues del municipio como en su casa. Para ello, cuenta con varios incondicionales en medio de un sistema&nbsp;<strong>medieval<\/strong>&nbsp;de delaciones, traiciones y alcahueter\u00edas. Entre ellos sobresale el &#8220;clan&#8221; Cortez, que para Janina Ortiz son como su familia. Tal afirmaci\u00f3n no es opinable. Figura en uno de los expedientes por coacci\u00f3n contra la funcionaria y candidata.<\/p>\n\n\n\n<p>El clan que rodea a\u00a0<strong>Franco Cortez<\/strong>\u00a0son su padre\u00a0<strong>Angel Cortez<\/strong>\u00a0(hasta hace poco estuvo coordinando merenderos), la subsecretar\u00eda de Salud\u00a0<strong>Mar\u00eda Lourdes Cortez<\/strong>\u00a0(hermana de Angel y t\u00eda de Franco) que habr\u00eda sido trasladada a otra \u00e1rea; y\u00a0<strong>Gerardo Cortez<\/strong>, t\u00edo de Franco y hermano de\u00a0<strong>\u00c1ngel<\/strong>\u00a0y\u00a0<strong>Lourdes<\/strong>, quien estar\u00eda en un \u00e1rea de cooperativas y entidades asociativas. Hay consortes:\u00a0<strong>Angel Molina<\/strong>, pareja de\u00a0<strong>Lourdes<\/strong>\u00a0<strong>Cortez<\/strong>\u00a0y por alg\u00fan tiempo chofer de confianza hasta que habr\u00eda arruinado una camioneta Amarok asignada a la esposa de Orozco. Por ese incidente hubo\u00a0<em>habladur\u00edas<\/em>\u00a0de borrachos y un testimonio inquietante en un bar. Tambi\u00e9n forma parte del clan aunque en una \u00f3rbita m\u00e1s lejana por su condici\u00f3n de &#8220;ex&#8221; la directora de Participaci\u00f3n Ciudadana\u00a0<strong>Romina Mart\u00ednez<\/strong>, quien fuera pareja de\u00a0<strong>Franco Cortez<\/strong>. Existen otros miembros de esta familia. Uno de ellos es auxiliar de polic\u00eda y habr\u00eda sido sumariado junto a otros tres efectivos, el a\u00f1o pasado. Un compa\u00f1ero los acus\u00f3 de quedarse con drogas de un operativo en La Favorita<\/p>\n\n\n\n<p>El \u00faltimo de los hermanos\u00a0<strong>Cortez<\/strong>\u00a0estar\u00eda enfrentado al resto del clan. En efecto,\u00a0<strong>Angel Cortez\u00a0<\/strong>fue enjuiciado y hallado culpable de\u00a0<em>abuso sexual simple<\/em>\u00a0(tocamientos) contra una de sus sobrinas en diciembre de 2016. Cuentan que su hermano fue a la Municipalidad y le dio una paliza memorable.<\/p>\n\n\n\n<p>En julio de 2020, un inexperto\u00a0<strong>Franco Cortez<\/strong>\u00a0empoderado por su rol de funcionario que jugaba al &#8220;gal\u00e1n irresistible&#8221; dentro de la municipalidad,\u00a0<strong>habr\u00eda abusado de la empleada municipal\u00a0<\/strong>a quien en otras cr\u00f3nicas s\u00f3lo hemos identificado como &#8220;M.&#8221;\u00a0De acuerdo a la denuncia que present\u00f3 la joven antes de las elecciones de junio\u00a0-tres a\u00f1os despu\u00e9s, harta y desbordada de maltratos, encubrimiento, protecci\u00f3n del violador, impunidad y el mayor de los desamparos- la violaci\u00f3n ocurri\u00f3 cuando ella entr\u00f3 a un ba\u00f1o del CIC El Plumerillo, donde estaban haciendo sopaipillas. De acuerdo al relato de la joven,\u00a0<strong>Franco Cortez<\/strong>\u00a0entr\u00f3 detr\u00e1s de ella, cerr\u00f3 la puerta y logr\u00f3 forzarla. Los detalles son innecesarios. Pero las declaraciones de testigos, de personas que hablaron con la chica entonces y despu\u00e9s, y los peritajes psicol\u00f3gicos en dos causas judiciales fortalecieron la versi\u00f3n de la v\u00edctima, al punto que Cortez fue primero imputado y finalmente detenido ayer.<\/p>\n\n\n\n<p>Aquella tarde y luego de haber sido\u00a0<strong>abusada, humillada<\/strong>, llorosa, con sus pechos doloridos y la ropa manchada de leche materna, ya que estaba en plena lactancia de su beb\u00e9, esta joven\u00a0<strong>comenz\u00f3 a ser v\u00edctima<\/strong>\u00a0de un operativo\u00a0<strong>monstruoso<\/strong>\u00a0y\u00a0<strong>continuado<\/strong>\u00a0de\u00a0<strong>encubrimiento<\/strong>, protecci\u00f3n del abusador, complicidades, coacciones para que no denuncie, y dolorosas formas de revictimizaci\u00f3n.<\/p>\n\n\n\n<p>Los hechos se fueron encadenando. El mismo d\u00eda del abuso, la joven empleada M. fue acompa\u00f1ada hasta su casa. La rodearon de inmediato. En esas semanas tuvo reuniones con varios funcionarios, con\u00a0<strong>Janina Ortiz<\/strong>, con un abogado municipal que le aconsej\u00f3 denunciar. Pero fue convencida de la &#8220;inconveniencia&#8221; de ir a la Justicia. De esto, en su propia presentaci\u00f3n ante un fiscal la chica &#8220;M.&#8221;<strong>\u00a0acus\u00f3 a Janina Ortiz<\/strong>. Con el paso de las semanas y los meses, la joven era se\u00f1alada en medio de un ambiente hostil. La trataron de &#8220;la putita de los Cortez&#8221; en mensajes de WhatsApp y de redes sociales. Un d\u00eda, un hombre de la municipalidad\u00a0<strong>le meti\u00f3 un dedo en la boca buscando los mismos &#8220;privilegios&#8221; que Franco Cortez<\/strong>. Esta y otras situaciones fueron demasiado para una joven desbordada, a la que buscaron contener con promesas de una casa, estabilidad laboral, mejor sueldo. As\u00ed la fueron &#8220;llevando&#8221;. Incluso, le dejaron administrar algunos contratos. As\u00ed lleg\u00f3 a la Municipalidad su amiga, la otra empleada clave en esta historia. Es la mujer que habr\u00eda usado Janina Ortiz, mediante coacciones, para grabar a\u00a0<strong>Osvaldo Oyhenart<\/strong>. En ese audio de 26 minutos el funcionario confes\u00f3 el uso indebido de una cooperativa. Ese documento digital lleg\u00f3 a casi todos los medios de Mendoza en abril de este a\u00f1o, casi al mismo tiempo que se fracturaba el oficialismo municipal. Este diario hizo una\u00a0investigaci\u00f3n profunda que llev\u00f3 semanas a partir de ese registro, y desnudamos el caso de las cooperativas fantasma manejadas por Oyhenart, su yerno, y otros personajes de la pol\u00edtica local. El fiscal de delitos econ\u00f3micos\u00a0<strong>Flavio D&#8217;Amore\u00a0<\/strong>abri\u00f3 una causa, avanz\u00f3 a buen ritmo y logr\u00f3 imputar a Oyhenart, su yerno, y su puntero pol\u00edtico. En este caso,\u00a0<strong>Daniel Orozco y Janina Ortiz se abstuvieron de declarar<\/strong>, pese a que el intendente hab\u00eda dicho en una entrevista que s\u00f3lo confiaba en los fiscales. Se ve que no era cierto. En aquella investigaci\u00f3n publicada el 14 de junio despu\u00e9s de las PASO locales, contamos tambi\u00e9n sobre el abuso sexual a &#8220;M.&#8221;<\/p>\n\n\n\n<p>Poco antes de las elecciones de este a\u00f1o, las j\u00f3venes empezaron a ser presionadas para que entregaran el famoso audio. De ello hay dos expedientes de coacci\u00f3n, producto de las denuncias de las empleadas. Uno es por haber ordenado el audio, y&nbsp;<strong>la acusada es Janina Ortiz<\/strong>. La justicia a\u00fan no logra imputarla, merced a las maniobras evasivas de la funcionaria. El restante es contra la directora de Relaciones con la Comunidad<strong>&nbsp;Patricia Rivero<\/strong>&nbsp;y su hija&nbsp;<strong>Carolina Mur\u00faa<\/strong>. Ellas s\u00ed est\u00e1n imputadas de coacci\u00f3n agravada por el uso de arma. Parece que se hicieron del audio a punta de pistola. Lo que es un misterio, es c\u00f3mo ese registro se difundi\u00f3 por todos lados.<\/p>\n\n\n\n<p>Por el abuso sexual contra M. y las maniobras posteriores para evitar la denuncia contra&nbsp;<strong>Franco Cortez<\/strong>, uno de los dilectos de Janina Ortiz, la propia funcionaria y su esposo&nbsp;<strong>Daniel Orozco<\/strong>&nbsp;est\u00e1n denunciados por encubrimiento, abuso de autoridad, coacci\u00f3n, e incumplimiento de los deberes de funcionario p\u00fablico. Ahora, el hecho de que Franco Cortez est\u00e9 preso e imputado por aquel abuso inicial, complica m\u00e1s la situaci\u00f3n de Orozco y Ortiz, candidatos de La Uni\u00f3n Mendocina, en el caso de encubrimiento.<\/p>\n\n\n\n<p>Como se ve, en Las Heras hay una trama de delaciones, esp\u00edas de bajo octanaje, conversaciones privadas que se hacen p\u00fablicas, aprietes berretas, acusaciones, violencia institucional, persecuci\u00f3n pol\u00edtica, abuso de poder, intercambios de favores, persecuciones sexuales y probablemente hechos de corrupci\u00f3n. Un clima en el que ser\u00eda imposible gobernar que ya ha dado una saga de expedientes judiciales en los que hay una docena de imputados o a punto de serlo por delitos diversos, y un delincuente preso y condenado por la agresi\u00f3n &#8220;fantasma&#8221; a Janina Ortiz.\u00a0<\/p>\n\n\n\n<p>Mucho de todo esto no habr\u00eda ocurrido sin aquel episodio de abuso sexual con acceso carnal por el que est\u00e1 preso&nbsp;<strong>Franco Cortez<\/strong>. Por eso su detenci\u00f3n es importante. Y porque demuestra el modo de operar del grupo que maneja la Municipalidad.<\/p>\n\n\n\n<p>Claro, hay otras versiones. Desde la vereda de la Comisar\u00eda 6ta del Barrio Cano, donde est\u00e1 detenido Franco Cortez, su pareja<strong>&nbsp;Julieta Funes<\/strong>&nbsp;clama por su inocencia. Dijo que convive desde hace dos a\u00f1os con el joven, que conoc\u00eda la denuncia de abuso porque antes que pareja fue &#8220;amiga&#8221; de Cortez, y la desmiente por completo. Dijo que hay intencionalidad pol\u00edtica en la detenci\u00f3n, se la tom\u00f3 con medios y periodistas, y escribi\u00f3 en Twitter junto a una foto familiar en la que aparece Cortez que &#8220;&#8230;esta es nuestra familia. Tengo 39 semanas y no voy a dejar que mi pareja se pierda el nacimiento de nuestra hija por algo pol\u00edtico&#8230;&#8221; Insisti\u00f3 en la versi\u00f3n de que sal\u00edan de comprar una mamadera cuando el joven fue detenido.<\/p>\n\n\n\n<p>La decisi\u00f3n del fiscal\u00a0<strong>Mart\u00edn Lucero\u00a0<\/strong>de encerrar a Cortez luego de haberlo imputado el 25 de junio, fue tomada sobre la base de los testimonios recogidos en la causa, lo que cont\u00f3 la denunciante, y de los peritajes que se le hicieron para comprobar la veracidad de su relato. La joven es una v\u00edctima comprobada. Y para el Ministerio P\u00fablico, Franco Cortez, ex funcionario y empleado dilecto de Janina Ortiz, la esposa funcionaria de Daniel Orozco y candidata, es el responsable. Si es hallado culpable en un juicio,\u00a0<strong>podr\u00eda ir a la c\u00e1rcel por hasta 15 a\u00f1os.<\/strong>\u00a0Por m\u00e1s que no registre antecedentes penales.<\/p>\n\n\n\n<p>FUENTE: mendozapost.<\/p>\n","protected":false},"excerpt":{"rendered":"<p>ranco Cortez est\u00e1 preso acusado de abuso sexual con acceso carnal a una empleada. Su detenci\u00f3n puede complicar la situaci\u00f3n de Daniel Orozco y Janina Ortiz en la causa de encubrimiento. Aquel abuso fue el disparador de todos los casos. El clan Cortez y su peso en el entorno de Ortiz. El ex Coordinador de [&hellip;]<\/p>\n","protected":false},"author":2,"featured_media":1409,"comment_status":"open","ping_status":"open","sticky":true,"template":"","format":"standard","meta":[],"categories":[47],"tags":[],"_links":{"self":[{"href":"https:\/\/pasaenmendoza.com\/index.php?rest_route=\/wp\/v2\/posts\/1408"}],"collection":[{"href":"https:\/\/pasaenmendoza.com\/index.php?rest_route=\/wp\/v2\/posts"}],"about":[{"href":"https:\/\/pasaenmendoza.com\/index.php?rest_route=\/wp\/v2\/types\/post"}],"author":[{"embeddable":true,"href":"https:\/\/pasaenmendoza.com\/index.php?rest_route=\/wp\/v2\/users\/2"}],"replies":[{"embeddable":true,"href":"https:\/\/pasaenmendoza.com\/index.php?rest_route=%2Fwp%2Fv2%2Fcomments&post=1408"}],"version-history":[{"count":1,"href":"https:\/\/pasaenmendoza.com\/index.php?rest_route=\/wp\/v2\/posts\/1408\/revisions"}],"predecessor-version":[{"id":1410,"href":"https:\/\/pasaenmendoza.com\/index.php?rest_route=\/wp\/v2\/posts\/1408\/revisions\/1410"}],"wp:featuredmedia":[{"embeddable":true,"href":"https:\/\/pasaenmendoza.com\/index.php?rest_route=\/wp\/v2\/media\/1409"}],"wp:attachment":[{"href":"https:\/\/pasaenmendoza.com\/index.php?rest_route=%2Fwp%2Fv2%2Fmedia&parent=1408"}],"wp:term":[{"taxonomy":"category","embeddable":true,"href":"https:\/\/pasaenmendoza.com\/index.php?rest_route=%2Fwp%2Fv2%2Fcategories&post=1408"},{"taxonomy":"post_tag","embeddable":true,"href":"https:\/\/pasaenmendoza.com\/index.php?rest_route=%2Fwp%2Fv2%2Ftags&post=1408"}],"curies":[{"name":"wp","href":"https:\/\/api.w.org\/{rel}","templated":true}]}}