{"id":14085,"date":"2025-07-29T15:43:10","date_gmt":"2025-07-29T13:43:10","guid":{"rendered":"https:\/\/pasaenmendoza.com\/?p=14085"},"modified":"2025-07-29T15:43:12","modified_gmt":"2025-07-29T13:43:12","slug":"el-tiempo-en-mendoza-para-este-martes-sube-la-temperatura-en-la-previa-del-zonda","status":"publish","type":"post","link":"https:\/\/pasaenmendoza.com\/?p=14085","title":{"rendered":"El tiempo en Mendoza para este martes: sube la temperatura en la previa del Zonda"},"content":{"rendered":"\n<p>La temperatura m\u00e1xima para este martes ser\u00e1 de 17 grados cent\u00edgrados, mientras que la m\u00ednima bajar\u00e1 a 2 grados cent\u00edgrados.<\/p>\n\n\n\n<p>Estar\u00e1 \u201cparcialmente nublado con ascenso de la temperatura, vientos moderados del noreste\u201d, seg\u00fan el pron\u00f3stico de la Direcci\u00f3n de Contingencias Clim\u00e1ticas.<\/p>\n\n\n\n<p>Se espera circulaci\u00f3n de viento norte-sur leve en todo el territorio. Desde las 14, aproximadamente, aumenta a moderado en la franja Este, con velocidades promedio de 35 kil\u00f3metros por hora, pero disminuir\u00e1 hacia la noche y se mantendr\u00e1 hasta la madrugada del mi\u00e9rcoles.<\/p>\n\n\n\n<p>En alta monta\u00f1a, el cielo estar\u00e1 seminublado, alternando con nublado en distintas partes del d\u00eda. No habr\u00e1 precipitaciones.<\/p>\n\n\n\n<p><strong>El mi\u00e9rcoles, en tanto, se espera viento Zonda.<\/strong><\/p>\n\n\n\n<p><strong>Fuente: www.elsol.com.ar<\/strong><\/p>\n","protected":false},"excerpt":{"rendered":"<p>La temperatura m\u00e1xima para este martes ser\u00e1 de 17 grados cent\u00edgrados, mientras que la m\u00ednima bajar\u00e1 a 2 grados cent\u00edgrados. Estar\u00e1 \u201cparcialmente nublado con ascenso de la temperatura, vientos moderados del noreste\u201d, seg\u00fan el pron\u00f3stico de la Direcci\u00f3n de Contingencias Clim\u00e1ticas. Se espera circulaci\u00f3n de viento norte-sur leve en todo el territorio. Desde las 14, [&hellip;]<\/p>\n","protected":false},"author":2,"featured_media":14086,"comment_status":"open","ping_status":"open","sticky":false,"template":"","format":"standard","meta":[],"categories":[52],"tags":[],"_links":{"self":[{"href":"https:\/\/pasaenmendoza.com\/index.php?rest_route=\/wp\/v2\/posts\/14085"}],"collection":[{"href":"https:\/\/pasaenmendoza.com\/index.php?rest_route=\/wp\/v2\/posts"}],"about":[{"href":"https:\/\/pasaenmendoza.com\/index.php?rest_route=\/wp\/v2\/types\/post"}],"author":[{"embeddable":true,"href":"https:\/\/pasaenmendoza.com\/index.php?rest_route=\/wp\/v2\/users\/2"}],"replies":[{"embeddable":true,"href":"https:\/\/pasaenmendoza.com\/index.php?rest_route=%2Fwp%2Fv2%2Fcomments&post=14085"}],"version-history":[{"count":1,"href":"https:\/\/pasaenmendoza.com\/index.php?rest_route=\/wp\/v2\/posts\/14085\/revisions"}],"predecessor-version":[{"id":14087,"href":"https:\/\/pasaenmendoza.com\/index.php?rest_route=\/wp\/v2\/posts\/14085\/revisions\/14087"}],"wp:featuredmedia":[{"embeddable":true,"href":"https:\/\/pasaenmendoza.com\/index.php?rest_route=\/wp\/v2\/media\/14086"}],"wp:attachment":[{"href":"https:\/\/pasaenmendoza.com\/index.php?rest_route=%2Fwp%2Fv2%2Fmedia&parent=14085"}],"wp:term":[{"taxonomy":"category","embeddable":true,"href":"https:\/\/pasaenmendoza.com\/index.php?rest_route=%2Fwp%2Fv2%2Fcategories&post=14085"},{"taxonomy":"post_tag","embeddable":true,"href":"https:\/\/pasaenmendoza.com\/index.php?rest_route=%2Fwp%2Fv2%2Ftags&post=14085"}],"curies":[{"name":"wp","href":"https:\/\/api.w.org\/{rel}","templated":true}]}}