{"id":14088,"date":"2025-07-29T15:47:09","date_gmt":"2025-07-29T13:47:09","guid":{"rendered":"https:\/\/pasaenmendoza.com\/?p=14088"},"modified":"2025-07-29T15:47:10","modified_gmt":"2025-07-29T13:47:10","slug":"cornejo-y-petri-se-vuelven-a-reunir-y-este-martes-habra-definiciones-sobre-las-listas-provinciales","status":"publish","type":"post","link":"https:\/\/pasaenmendoza.com\/?p=14088","title":{"rendered":"Cornejo y Petri se vuelven a reunir y este martes habr\u00e1 definiciones sobre las listas provinciales"},"content":{"rendered":"\n<p>Este martes ser\u00e1 una jornada de definiciones para el oficialismo provincial, ya que cerca del mediod\u00eda, el gobernador&nbsp;<strong>Alfredo Cornejo<\/strong>&nbsp;volver\u00e1 a reunirse con el ministro de Defensa,&nbsp;<strong>Luis Petri&nbsp;<\/strong>para definir los nombres que cada sector del radicalismo propondr\u00e1 para la&nbsp;<strong>Legislatura&nbsp;<\/strong>provincial.<\/p>\n\n\n\n<p>Esta ser\u00e1 el segundo encuentro en menos de 24 horas entre los principales referentes del radicalismo en la provincia, luego del que se realiz\u00f3 este lunes en la residencia de La Puntilla.<\/p>\n\n\n\n<p>Seg\u00fan el calendario electoral del radicalismo, la fecha l\u00edmite para dar a conocer los candidatos que integrar\u00e1n las listas ser\u00e1 este martes a las 23.59. Luego, estos nombres se deber\u00e1n completar con los que aporte\u00a0<strong>La Libertad Avanza<\/strong>\u00a0tras el acuerdo electoral.<\/p>\n\n\n\n<p>Seg\u00fan se conoci\u00f3, la alianza entre LLA y Cambia Mendoza, el oficialismo local se quedar\u00e1 con el 70% de los integrantes. De este 70%, una cuarta parte ser\u00e1 para el petrismo por conseguir la minor\u00eda.<\/p>\n\n\n\n<p>Durante el d\u00eda lunes, el mandatario provincial le ratific\u00f3 a Petri que Mendocinos por el Futuro tendr\u00e1 la minor\u00eda en la listas, tal como qued\u00f3 establecido en el congreso partidario del pasado 31 de mayo.<\/p>\n\n\n\n<p>Desde el petrismo pedir\u00edan lugares entrables tanto en la tercera secci\u00f3n como en la cuarta, mientras que pretenden encabezar en la segunda con\u00a0<strong>Griselda Petri<\/strong>, hermana del ministro y vicepresidente de la UCR, aunque este \u00faltimo punto es un foco de discordia con los intendentes del este.<\/p>\n\n\n\n<p>Desde el lado del cornejismo ya tienen definidos los binomios que pretenden que ingresen seguro en la Casa de las Leyes y no pretenden negociarlos por lo que podr\u00eda darse una situaci\u00f3n de tensi\u00f3n en algunos puntos.<\/p>\n\n\n\n<p>Si bien la negociaci\u00f3n se encuentra bajo siete llaves y con un hermetismo total, se sabe que los nombres se conocer\u00e1n en horas de la tarde a trav\u00e9s de un comunicado que emitir\u00e1 el partido centenario.<\/p>\n\n\n\n<p><strong>Fuente: www.elsol.com.ar<\/strong><\/p>\n","protected":false},"excerpt":{"rendered":"<p>Este martes ser\u00e1 una jornada de definiciones para el oficialismo provincial, ya que cerca del mediod\u00eda, el gobernador&nbsp;Alfredo Cornejo&nbsp;volver\u00e1 a reunirse con el ministro de Defensa,&nbsp;Luis Petri&nbsp;para definir los nombres que cada sector del radicalismo propondr\u00e1 para la&nbsp;Legislatura&nbsp;provincial. Esta ser\u00e1 el segundo encuentro en menos de 24 horas entre los principales referentes del radicalismo en [&hellip;]<\/p>\n","protected":false},"author":2,"featured_media":14089,"comment_status":"open","ping_status":"open","sticky":false,"template":"","format":"standard","meta":[],"categories":[47],"tags":[],"_links":{"self":[{"href":"https:\/\/pasaenmendoza.com\/index.php?rest_route=\/wp\/v2\/posts\/14088"}],"collection":[{"href":"https:\/\/pasaenmendoza.com\/index.php?rest_route=\/wp\/v2\/posts"}],"about":[{"href":"https:\/\/pasaenmendoza.com\/index.php?rest_route=\/wp\/v2\/types\/post"}],"author":[{"embeddable":true,"href":"https:\/\/pasaenmendoza.com\/index.php?rest_route=\/wp\/v2\/users\/2"}],"replies":[{"embeddable":true,"href":"https:\/\/pasaenmendoza.com\/index.php?rest_route=%2Fwp%2Fv2%2Fcomments&post=14088"}],"version-history":[{"count":1,"href":"https:\/\/pasaenmendoza.com\/index.php?rest_route=\/wp\/v2\/posts\/14088\/revisions"}],"predecessor-version":[{"id":14090,"href":"https:\/\/pasaenmendoza.com\/index.php?rest_route=\/wp\/v2\/posts\/14088\/revisions\/14090"}],"wp:featuredmedia":[{"embeddable":true,"href":"https:\/\/pasaenmendoza.com\/index.php?rest_route=\/wp\/v2\/media\/14089"}],"wp:attachment":[{"href":"https:\/\/pasaenmendoza.com\/index.php?rest_route=%2Fwp%2Fv2%2Fmedia&parent=14088"}],"wp:term":[{"taxonomy":"category","embeddable":true,"href":"https:\/\/pasaenmendoza.com\/index.php?rest_route=%2Fwp%2Fv2%2Fcategories&post=14088"},{"taxonomy":"post_tag","embeddable":true,"href":"https:\/\/pasaenmendoza.com\/index.php?rest_route=%2Fwp%2Fv2%2Ftags&post=14088"}],"curies":[{"name":"wp","href":"https:\/\/api.w.org\/{rel}","templated":true}]}}