{"id":14094,"date":"2025-07-29T15:52:35","date_gmt":"2025-07-29T13:52:35","guid":{"rendered":"https:\/\/pasaenmendoza.com\/?p=14094"},"modified":"2025-07-29T15:52:36","modified_gmt":"2025-07-29T13:52:36","slug":"choque-y-vuelco-en-la-costanera","status":"publish","type":"post","link":"https:\/\/pasaenmendoza.com\/?p=14094","title":{"rendered":"Choque y vuelco en la Costanera"},"content":{"rendered":"\n<p>Un&nbsp;<strong>fuerte choque<\/strong>&nbsp;se registr\u00f3 en la madrugada de este martes en la esquina de calle Beltr\u00e1n y Costanera, en Ciudad.&nbsp;<\/p>\n\n\n\n<p>Personal de polic\u00eda debi\u00f3 trabajar en conjunto con bomberos voluntarios para&nbsp;<strong>rescatar a una mujer de 47 a\u00f1os que manejaba un VolksWagen Gol<\/strong>&nbsp;y que qued\u00f3 atrapada en el interior. Los efectivos debieron cortar el techo para lograr extraer a la v\u00edctima del habit\u00e1culo.<\/p>\n\n\n\n<p>Por el accidente, el tr\u00e1nsito en sentido hacia el Sur est\u00e1 totalmente interrumpido a la altura de la mencionada esquina, por lo que puede hacerse el desv\u00edo por Pedro Bonifacio de Palacios y luego tomando Beltr\u00e1n, por lo que recomiendan evitar la zona.<\/p>\n\n\n\n<p>En cuanto a la mujer herida, fue rescatada del auto y trasladada inmediatamente al hospital Central. Seg\u00fan los efectivos en el lugar,&nbsp;<strong>se encontraba consciente y fuera de peligro<\/strong>.<\/p>\n\n\n\n<p>En el otro veh\u00edculo, un Chevrolet Corsa, era conducido por un polic\u00eda de 23 a\u00f1os, quien no sufri\u00f3 mayores lesiones. Le realizaron el dosaje de alcohol, el cual dio resultado negativo.<\/p>\n\n\n\n<p>El accidente<\/p>\n\n\n\n<p>Seg\u00fan las autoridades, el Chevrolet Corsa circulaba por Costanera en sentido hacia el Sur, mientras que la mujer viajaba en el Gol por Beltr\u00e1n hacia el Oeste, quien habr\u00eda pasado en rojo\u00a0 e impactado al efectivo policial.<\/p>\n\n\n\n<p><strong>Fuente: www.mendozapost.com<\/strong><\/p>\n","protected":false},"excerpt":{"rendered":"<p>Un&nbsp;fuerte choque&nbsp;se registr\u00f3 en la madrugada de este martes en la esquina de calle Beltr\u00e1n y Costanera, en Ciudad.&nbsp; Personal de polic\u00eda debi\u00f3 trabajar en conjunto con bomberos voluntarios para&nbsp;rescatar a una mujer de 47 a\u00f1os que manejaba un VolksWagen Gol&nbsp;y que qued\u00f3 atrapada en el interior. Los efectivos debieron cortar el techo para lograr [&hellip;]<\/p>\n","protected":false},"author":2,"featured_media":14095,"comment_status":"open","ping_status":"open","sticky":false,"template":"","format":"standard","meta":[],"categories":[48],"tags":[],"_links":{"self":[{"href":"https:\/\/pasaenmendoza.com\/index.php?rest_route=\/wp\/v2\/posts\/14094"}],"collection":[{"href":"https:\/\/pasaenmendoza.com\/index.php?rest_route=\/wp\/v2\/posts"}],"about":[{"href":"https:\/\/pasaenmendoza.com\/index.php?rest_route=\/wp\/v2\/types\/post"}],"author":[{"embeddable":true,"href":"https:\/\/pasaenmendoza.com\/index.php?rest_route=\/wp\/v2\/users\/2"}],"replies":[{"embeddable":true,"href":"https:\/\/pasaenmendoza.com\/index.php?rest_route=%2Fwp%2Fv2%2Fcomments&post=14094"}],"version-history":[{"count":1,"href":"https:\/\/pasaenmendoza.com\/index.php?rest_route=\/wp\/v2\/posts\/14094\/revisions"}],"predecessor-version":[{"id":14096,"href":"https:\/\/pasaenmendoza.com\/index.php?rest_route=\/wp\/v2\/posts\/14094\/revisions\/14096"}],"wp:featuredmedia":[{"embeddable":true,"href":"https:\/\/pasaenmendoza.com\/index.php?rest_route=\/wp\/v2\/media\/14095"}],"wp:attachment":[{"href":"https:\/\/pasaenmendoza.com\/index.php?rest_route=%2Fwp%2Fv2%2Fmedia&parent=14094"}],"wp:term":[{"taxonomy":"category","embeddable":true,"href":"https:\/\/pasaenmendoza.com\/index.php?rest_route=%2Fwp%2Fv2%2Fcategories&post=14094"},{"taxonomy":"post_tag","embeddable":true,"href":"https:\/\/pasaenmendoza.com\/index.php?rest_route=%2Fwp%2Fv2%2Ftags&post=14094"}],"curies":[{"name":"wp","href":"https:\/\/api.w.org\/{rel}","templated":true}]}}