{"id":14098,"date":"2025-07-30T15:29:51","date_gmt":"2025-07-30T13:29:51","guid":{"rendered":"https:\/\/pasaenmendoza.com\/?p=14098"},"modified":"2025-07-30T15:33:38","modified_gmt":"2025-07-30T13:33:38","slug":"el-tiempo-en-mendoza-para-este-miercoles-zonda-y-nevadas-en-cordillera","status":"publish","type":"post","link":"https:\/\/pasaenmendoza.com\/?p=14098","title":{"rendered":"El tiempo en Mendoza para este mi\u00e9rcoles: Zonda y nevadas en cordillera"},"content":{"rendered":"\n<p>La&nbsp;<strong>temperatura m\u00e1xima para este mi\u00e9rcoles ser\u00e1 de 17 grados cent\u00edgrados<\/strong>, mientras que se pronosticaron&nbsp;<strong>4 grados cent\u00edgrados de m\u00ednima<\/strong>.<\/p>\n\n\n\n<p>Estar\u00e1 \u201c<em>parcialmente nublado con poco cambio de la temperatura<\/em>\u201c, seg\u00fan el adelanto de la Direcci\u00f3n de Contingencias Clim\u00e1ticas.<\/p>\n\n\n\n<p>Vuelve el viento \u201c<em><strong>Zonda en precordillera y Malarg\u00fce<\/strong><\/em>\u201c.<\/p>\n\n\n\n<p>El Zonda comenz\u00f3 a sentirse desde las 6 en forma muy leve en toda la precordillera. Se intensificar\u00eda desde las 11 a 12 en Malarg\u00fce y Valle de Uspallata, y se acentuar\u00e1 entre las 14 y 15 con velocidades de 45 a 50 kil\u00f3metros por hora en Malarg\u00fce y Sur de Malarg\u00fce.<\/p>\n\n\n\n<p>Se va a mantener en Uspallata hasta las 18 y en el sur provincial hasta las 22.<\/p>\n\n\n\n<p>En cordillera el cielo estar\u00e1 completamente nublado. Precipitaciones n\u00edveas importantes desde las 9, comenzando en el Sur y extendi\u00e9ndose a zona Central y Norte hacia la tarde\/noche.<\/p>\n\n\n\n<h2 class=\"wp-block-heading\" id=\"h-alertas\">Alertas<\/h2>\n\n\n\n<p>El Servicio Meteorol\u00f3gico Nacional dispuso dos alertas en&nbsp;<strong>nivel amarillo<\/strong>&nbsp;para Mendoza.<\/p>\n\n\n\n<p>Por&nbsp;<strong>nevadas<\/strong>, que afectar\u00e1n a<strong>&nbsp;Cordillera de San Carlos \u2013 Cordillera de Tunuy\u00e1n<\/strong>&nbsp;para la ma\u00f1ana, tarde y noche.<\/p>\n\n\n\n<p>Esto implica: \u201c<em>El \u00e1rea cordillerana ser\u00e1 afectada por nevadas persistentes con valores de nieve acumulada entre 30 y 50 cent\u00edmetros, que pueden superarse puntualmente<\/em>\u201c.<\/p>\n\n\n\n<p>Por vientos, para&nbsp;<strong>Jun\u00edn \u2013 Rivadavia \u2013 Valles de Luj\u00e1n de Cuyo \u2013 Valles de San Carlos \u2013 Valles de Tunuy\u00e1n \u2013 Valles de Tupungato, durante la tarde y noche. E incluye la cordillera de San Carlos y Tunuy\u00e1n.<\/strong><\/p>\n\n\n\n<p><strong>Por \u00faltimo, para la zona baja de Malarg\u00fce.<\/strong><\/p>\n\n\n\n<p>E implica: \u201c<em>El \u00e1rea cordillerana ser\u00e1 afectada por vientos del sector oeste con velocidades entre&nbsp;<strong>50 y 75 kil\u00f3metros por hora,<\/strong>&nbsp;con r\u00e1fagas que<strong>&nbsp;pueden superar los 100 kil\u00f3metros<\/strong>&nbsp;por hora, especialmente en los niveles m\u00e1s elevados.<\/em><\/p>\n\n\n\n<p><em>Sobre el resto del \u00e1rea los vientos ser\u00e1n del sector norte con velocidades&nbsp;<strong>entre 35 y 50 kilometros por hora, con r\u00e1fagas que pueden alcanzar los 75 kil\u00f3metros por hora<\/strong><\/em>.<\/p>\n\n\n\n<p><em>Este fen\u00f3meno puede provocar reducci\u00f3n de la visibilidad, un aumento repentino de la temperatura y condiciones de humedad relativa muy bajas\u201d.<\/em><\/p>\n\n\n\n<p><strong>Fuente: www.elsol.com.ar<\/strong><\/p>\n","protected":false},"excerpt":{"rendered":"<p>La&nbsp;temperatura m\u00e1xima para este mi\u00e9rcoles ser\u00e1 de 17 grados cent\u00edgrados, mientras que se pronosticaron&nbsp;4 grados cent\u00edgrados de m\u00ednima. Estar\u00e1 \u201cparcialmente nublado con poco cambio de la temperatura\u201c, seg\u00fan el adelanto de la Direcci\u00f3n de Contingencias Clim\u00e1ticas. Vuelve el viento \u201cZonda en precordillera y Malarg\u00fce\u201c. El Zonda comenz\u00f3 a sentirse desde las 6 en forma muy [&hellip;]<\/p>\n","protected":false},"author":2,"featured_media":14099,"comment_status":"open","ping_status":"open","sticky":false,"template":"","format":"standard","meta":[],"categories":[52],"tags":[],"_links":{"self":[{"href":"https:\/\/pasaenmendoza.com\/index.php?rest_route=\/wp\/v2\/posts\/14098"}],"collection":[{"href":"https:\/\/pasaenmendoza.com\/index.php?rest_route=\/wp\/v2\/posts"}],"about":[{"href":"https:\/\/pasaenmendoza.com\/index.php?rest_route=\/wp\/v2\/types\/post"}],"author":[{"embeddable":true,"href":"https:\/\/pasaenmendoza.com\/index.php?rest_route=\/wp\/v2\/users\/2"}],"replies":[{"embeddable":true,"href":"https:\/\/pasaenmendoza.com\/index.php?rest_route=%2Fwp%2Fv2%2Fcomments&post=14098"}],"version-history":[{"count":2,"href":"https:\/\/pasaenmendoza.com\/index.php?rest_route=\/wp\/v2\/posts\/14098\/revisions"}],"predecessor-version":[{"id":14104,"href":"https:\/\/pasaenmendoza.com\/index.php?rest_route=\/wp\/v2\/posts\/14098\/revisions\/14104"}],"wp:featuredmedia":[{"embeddable":true,"href":"https:\/\/pasaenmendoza.com\/index.php?rest_route=\/wp\/v2\/media\/14099"}],"wp:attachment":[{"href":"https:\/\/pasaenmendoza.com\/index.php?rest_route=%2Fwp%2Fv2%2Fmedia&parent=14098"}],"wp:term":[{"taxonomy":"category","embeddable":true,"href":"https:\/\/pasaenmendoza.com\/index.php?rest_route=%2Fwp%2Fv2%2Fcategories&post=14098"},{"taxonomy":"post_tag","embeddable":true,"href":"https:\/\/pasaenmendoza.com\/index.php?rest_route=%2Fwp%2Fv2%2Ftags&post=14098"}],"curies":[{"name":"wp","href":"https:\/\/api.w.org\/{rel}","templated":true}]}}