{"id":14105,"date":"2025-07-30T15:37:17","date_gmt":"2025-07-30T13:37:17","guid":{"rendered":"https:\/\/pasaenmendoza.com\/?p=14105"},"modified":"2025-07-30T15:37:18","modified_gmt":"2025-07-30T13:37:18","slug":"otorgaron-un-aumento-salarial-para-policias-y-agentes-del-servicio-penitenciario-de-cuanto-sera","status":"publish","type":"post","link":"https:\/\/pasaenmendoza.com\/?p=14105","title":{"rendered":"Otorgaron un aumento salarial para polic\u00edas y agentes del Servicio Penitenciario: de cu\u00e1nto ser\u00e1"},"content":{"rendered":"\n<p>El Gobierno de Mendoza oficializ\u00f3 un nuevo&nbsp;<strong>incremento salarial para el personal de la Polic\u00eda y del Servicio Penitenciario<\/strong>, aplicables durante el segundo semestre de 2025.<\/p>\n\n\n\n<p>La medida se conoci\u00f3 a trav\u00e9s del decreto 1613 del Ministerio de Gobierno, Infraestructura y Desarrollo Territorial y publicado en el Bolet\u00edn Oficial.<\/p>\n\n\n\n<p>Al no contar con paritarias como el resto del sector p\u00fablico, a trav\u00e9s de este de decrerto el Gobierno busca busca mantener la equidad entre el sector y las propuestas realizadas a otras entidades gremiales del sector p\u00fablico. La medida beneficiar\u00e1 tanto a los agentes en actividad como a los retirados de ambos reg\u00edmenes.<\/p>\n\n\n\n<p>El decreto establece los siguientes aumentos, no acumulativos, sobre la nueva Asignaci\u00f3n de Clase del Jefe de las Polic\u00edas (que incorpora el cincuenta por ciento del \u00cdtem 2626 vigente a junio de 2025):<\/p>\n\n\n\n<ul>\n<li><strong>Julio de 2025:<\/strong>&nbsp;4% de incremento.<\/li>\n\n\n\n<li><strong>Septiembre de 2025:<\/strong>&nbsp;3% de incremento.<\/li>\n\n\n\n<li><strong>Noviembre de 2025:<\/strong>&nbsp;3% de incremento.<\/li>\n<\/ul>\n\n\n\n<p>Para el c\u00e1lculo de estos porcentajes, se ha dispuesto que el cincuenta por ciento (50%) del valor del\u00a0<strong>\u00cdtem 2626 (Aumento 2004 \u2013 Remunerativo)<\/strong>, otorgado por Ley N\u00b0 7237, se incorpore a la Asignaci\u00f3n de la Clase del Jefe de las Polic\u00edas vigente al 30 de junio de 2025. Esta modificaci\u00f3n se aplicar\u00e1 respetando las proporcionalidades de la escala salarial actual.<\/p>\n\n\n\n<p>Adem\u00e1s de los aumentos generales, el decreto incorpora la&nbsp;<strong>Actividad de Radio y Telefonista del Centro Estrat\u00e9gico de Operaciones (CEO)<\/strong>&nbsp;al Anexo I del Decreto N\u00ba 1969\/2016, fijando un coeficiente del 6% a partir del 1 de agosto de 2025. Esta medida busca incentivar la capacitaci\u00f3n y profesionalizaci\u00f3n del personal de las Fuerzas de Seguridad.<\/p>\n\n\n\n<p>Es importante destacar que las disposiciones salariales se extender\u00e1n a los\u00a0<strong>beneficiarios del R\u00e9gimen de Retiros y Pensiones<\/strong>\u00a0del Personal Policial y Penitenciario de la Provincia, conforme a las pautas de movilidad previstas en el Art\u00edculo 11 del Decreto-Ley N\u00ba 4176\/77, respet\u00e1ndose las retroactividades mensuales que se generen.<\/p>\n\n\n\n<p>Finalmente, se establece que los incrementos impactar\u00e1n en los\u00a0<strong>Servicios Extraordinarios<\/strong>\u00a0(Ley N\u00b0 7120\/03) a partir del primer d\u00eda del mes siguiente al indicado para cada aumento. El presente decreto se dicta ad refer\u00e9ndum de la Honorable Legislatura de Mendoza.<\/p>\n\n\n\n<p><strong>Fuente: www.elsol.com.ar<\/strong><\/p>\n","protected":false},"excerpt":{"rendered":"<p>El Gobierno de Mendoza oficializ\u00f3 un nuevo&nbsp;incremento salarial para el personal de la Polic\u00eda y del Servicio Penitenciario, aplicables durante el segundo semestre de 2025. La medida se conoci\u00f3 a trav\u00e9s del decreto 1613 del Ministerio de Gobierno, Infraestructura y Desarrollo Territorial y publicado en el Bolet\u00edn Oficial. Al no contar con paritarias como el [&hellip;]<\/p>\n","protected":false},"author":2,"featured_media":14106,"comment_status":"open","ping_status":"open","sticky":false,"template":"","format":"standard","meta":[],"categories":[79],"tags":[],"_links":{"self":[{"href":"https:\/\/pasaenmendoza.com\/index.php?rest_route=\/wp\/v2\/posts\/14105"}],"collection":[{"href":"https:\/\/pasaenmendoza.com\/index.php?rest_route=\/wp\/v2\/posts"}],"about":[{"href":"https:\/\/pasaenmendoza.com\/index.php?rest_route=\/wp\/v2\/types\/post"}],"author":[{"embeddable":true,"href":"https:\/\/pasaenmendoza.com\/index.php?rest_route=\/wp\/v2\/users\/2"}],"replies":[{"embeddable":true,"href":"https:\/\/pasaenmendoza.com\/index.php?rest_route=%2Fwp%2Fv2%2Fcomments&post=14105"}],"version-history":[{"count":1,"href":"https:\/\/pasaenmendoza.com\/index.php?rest_route=\/wp\/v2\/posts\/14105\/revisions"}],"predecessor-version":[{"id":14107,"href":"https:\/\/pasaenmendoza.com\/index.php?rest_route=\/wp\/v2\/posts\/14105\/revisions\/14107"}],"wp:featuredmedia":[{"embeddable":true,"href":"https:\/\/pasaenmendoza.com\/index.php?rest_route=\/wp\/v2\/media\/14106"}],"wp:attachment":[{"href":"https:\/\/pasaenmendoza.com\/index.php?rest_route=%2Fwp%2Fv2%2Fmedia&parent=14105"}],"wp:term":[{"taxonomy":"category","embeddable":true,"href":"https:\/\/pasaenmendoza.com\/index.php?rest_route=%2Fwp%2Fv2%2Fcategories&post=14105"},{"taxonomy":"post_tag","embeddable":true,"href":"https:\/\/pasaenmendoza.com\/index.php?rest_route=%2Fwp%2Fv2%2Ftags&post=14105"}],"curies":[{"name":"wp","href":"https:\/\/api.w.org\/{rel}","templated":true}]}}