{"id":1411,"date":"2023-09-13T14:01:45","date_gmt":"2023-09-13T12:01:45","guid":{"rendered":"https:\/\/pasaenmendoza.com\/?p=1411"},"modified":"2023-09-13T14:01:46","modified_gmt":"2023-09-13T12:01:46","slug":"nuevos-audios-sacuden-al-consejo-de-la-magistratura-de-mendoza","status":"publish","type":"post","link":"https:\/\/pasaenmendoza.com\/?p=1411","title":{"rendered":"Nuevos audios sacuden al Consejo de la Magistratura de Mendoza"},"content":{"rendered":"\n<p>Dos contenidos viralizados por WhatsApp hacen referencia a varias situaciones donde se menciona a funcionarios del Gobierno y autoridades judiciales. El \u00f3rgano de evaluaci\u00f3n de los magistrados es usado como herramienta para lograr cargos en la Justicia.<\/p>\n\n\n\n<p>El&nbsp;<strong>Colegio de Abogados<\/strong>&nbsp;est\u00e1 envuelto en un<strong>&nbsp;esc\u00e1ndalo<\/strong>&nbsp;que revelan los&nbsp;<mark>tejes y manejes para lograr cargos en la Justicia mendocina<\/mark>&nbsp;utilizando como palanca el&nbsp;<strong>Consejo de la Magistratura<\/strong>.&nbsp;<mark>Las situaciones son descriptas en una saga de audios<\/mark>&nbsp;de&nbsp;<strong>WhatsApp<\/strong>&nbsp;que se han filtrado y donde aparecen los nombres de figuras vinculadas al Gobierno de la provincia y a la Suprema Corte.<\/p>\n\n\n\n<p>Dos de estos mensajes que pasan de tel\u00e9fono en tel\u00e9fono corresponden a una directiva de la entidad que nuclea a los profesionales del derecho. En uno de ellos, se refiere a\u00a0<strong>Leonardo Pasccon<\/strong>. Se trata del abogado que precisamente denunci\u00f3 tanto a\u00a0<strong>Andrea Maturana<\/strong>, titular del Colegio de Abogados, como a\u00a0<strong>Sebasti\u00e1n Soneira<\/strong>, director de Personas Jur\u00eddicas de la provincia, por\u00a0<mark>buscar ventajas pol\u00edticas en cargos judiciales<\/mark>. Los dos audios que circularon son previos a esta denuncia.<\/p>\n\n\n\n<p>En dichos contenidos, la directiva de la entidad colegiada expres\u00f3 su malestar y sostuvo que \u201c<em>no he podido dejar de pensar en el Consejo de la Magistratura<\/em>\u201c. Se habla de convocar a una reuni\u00f3n para abordar este tema con un grupo de personas afines y que pertenecen a la Federaci\u00f3n de Abogados.<\/p>\n\n\n\n<p>\u201c<em>Lo que ha pasado en el Consejo me afecta directamente. Ese es mi l\u00edmite en la gesti\u00f3n, que se hayan da\u00f1ado mis relaciones personale<\/em>s\u201d y hace referencia a que \u201c<em>hicieron cagar a mi socia<\/em>\u201c.<\/p>\n\n\n\n<p><mark>El malestar de la representante del Colegio apuntaba a que su socia rindi\u00f3 mal para un cargo de jueza ante la comisi\u00f3n de Derecho de Familia&nbsp;<\/mark>del organismo que tiene como funci\u00f3n evaluar y seleccionar a los magistrados provinciales. Esto deton\u00f3 la presentaci\u00f3n de una nota en el Consejo de la Magistratura a fines de junio donde manifestaba sus quejas por las evaluaciones.<\/p>\n\n\n\n<p>Pero a su vez, la decisi\u00f3n de avanzar sobre las mesas examinadoras\u00a0dio un paso m\u00e1s decisivo\u00a0y es lo que desencadena que el Consejo de la Magistratura resuelva por unanimidad remover a todos los integrantes de la comisi\u00f3n de Derecho Penal. Ese fue, precisamente, el puntapi\u00e9 que inici\u00f3 la saga de esc\u00e1ndalos hacia el interior de los tribunales mendocinos. El resto es historia.<\/p>\n\n\n\n<h2 class=\"wp-block-heading\" id=\"h-una-trama-de-vinculos-pedidos-y-otro-escandalo-que-asoma\">Una trama de v\u00ednculos, pedidos y otro esc\u00e1ndalo que asoma<\/h2>\n\n\n\n<p>Pero hay m\u00e1s contenidos por audio que dan cuenta c\u00f3mo se vienen negociando a trav\u00e9s del Consejo de la Magistratura distintas situaciones. Por un lado,\u00a0<mark>la posibilidad de acceder a cargos en el Estado y, por el otro, presuntos acomodos en los ex\u00e1menes de los aspirantes al Poder Judicial<\/mark>. Hay que se\u00f1alar que la denuncia penal de Pasccon ya apuntaba, precisamente, a c\u00f3mo se presionaba con este mecanismo de selecci\u00f3n de jueces y fiscales a otros integrantes del Colegio de Abogados.<\/p>\n\n\n\n<p>Quien habla es consejera titular e intercambia mensajes con otra persona que atraviesan varios t\u00f3picos. Entre ellos,&nbsp;<mark>la posibilidad de acceder a un contrato en el Ejecutivo y se menciona a dos funcionarios&nbsp;<\/mark>del Gobierno vinculados con la Justicia.<\/p>\n\n\n\n<p>En concreto, lo que se baraja en estos audios es&nbsp;<mark>la posibilidad de que dicha abogada sea la delegada en San Rafael -de donde es oriunda- de la Asesor\u00eda de Gobierno<\/mark>. De hecho, el contrato ya estaba armado, pero finalmente fue dado de baja por una presentaci\u00f3n en el Colegio de Abogados. La profesional ya ocupaba cargos en la Provincia -uno vencido en Irrigaci\u00f3n- y tambi\u00e9n habla sobre la posibilidad de un contrato en la Subsecretar\u00eda de Trabajo, que desestima porque no le convence.<\/p>\n\n\n\n<p>Otra cuesti\u00f3n que salt\u00f3 fueron los ex\u00e1menes que se toman en el Colegio de la Magistratura para aspirantes a jueces y fiscales en la comisi\u00f3n de derecho penal.&nbsp;<mark>Por otra parte, alude a los malos resultados de los aspirantes y a las conversaciones&nbsp;<\/mark>entre los integrantes del \u00f3rgano evaluador.<\/p>\n\n\n\n<p>Incluso, en una reuni\u00f3n&nbsp;<mark>analizan por qu\u00e9 los candidatos a la Justicia rinden mal<\/mark>.<\/p>\n\n\n\n<p>Pero hay una expresi\u00f3n que aporta la consejera, interlocutora de los audios: \u201c<em>B\u00e1sicamente rinden mal porque no tienen ni idea de donde estudiar o porque no estudian bien<\/em>\u201c, as\u00ed de claro.<\/p>\n\n\n\n<p>En esta secuencia, se refiere a que<mark>&nbsp;un miembro suplente por los abogados en el Consejo le pidi\u00f3 por un candidato a juez<\/mark>. Finalmente, en mayo pasado, el Senado aprob\u00f3 los pliegos del postulante para que se hiciese cargo del Juzgado Penal Colegiado, de la Cuarta Circunscripci\u00f3n Judicial.<\/p>\n\n\n\n<p>No es lo \u00fanico. La miembro titular hace referencia a&nbsp;<mark>una situaci\u00f3n grave en el \u00e1mbito del Consejo de la Magistratura, que ser\u00eda la puntuaci\u00f3n ya predigitada de los concursantes<\/mark>.<\/p>\n\n\n\n<p>\u201c<em>No est\u00e1 bien que te digan el puntaje que ten\u00e9s que poner<\/em>\u201c, explic\u00f3 en uno de los tantos audios que se viralizaron. \u201c<em>En esa silla se sent\u00f3 gente que fue mucho m\u00e1s capaz, sin conocerla, y que habl\u00f3 mucho mejor de lo que habl\u00f3 esta piba<\/em>\u201c. La \u201c<em>piba<\/em>\u201d es, en esa instancia una funcionaria del Gobierno en el \u00e1rea de minoridad.<\/p>\n\n\n\n<p>Pero&nbsp;<mark>su postulaci\u00f3n hizo ruido en el Senado<\/mark>&nbsp;y el oficialismo tuvo que esforzarse para aprobar el pliego ya que debi\u00f3 postergar la sesi\u00f3n de acuerdos por una semana. Esto fue en abril de este a\u00f1o.<\/p>\n\n\n\n<p>\u201c<em>Si es por puntuar por lo que habla en la entrevista yo no le hubiera puesto un 6, y sin embargo, se lo puse<\/em>\u201c, explic\u00f3 la abogada. Pese a todo, se pliega a la defensa de la candidata.<\/p>\n\n\n\n<p>\u201c<em>Obviamente, no me fue ajeno<\/em>\u201c, cerr\u00f3 en uno de los tantos audios que aparecen en el servicio de mensajer\u00eda como \u201creenviado muchas veces\u201d y que, en algunos casos, son de larga duraci\u00f3n.<\/p>\n\n\n\n<p>FUENTE: elsol.com.ar.<\/p>\n","protected":false},"excerpt":{"rendered":"<p>Dos contenidos viralizados por WhatsApp hacen referencia a varias situaciones donde se menciona a funcionarios del Gobierno y autoridades judiciales. El \u00f3rgano de evaluaci\u00f3n de los magistrados es usado como herramienta para lograr cargos en la Justicia. El&nbsp;Colegio de Abogados&nbsp;est\u00e1 envuelto en un&nbsp;esc\u00e1ndalo&nbsp;que revelan los&nbsp;tejes y manejes para lograr cargos en la Justicia mendocina&nbsp;utilizando como [&hellip;]<\/p>\n","protected":false},"author":2,"featured_media":1412,"comment_status":"open","ping_status":"open","sticky":true,"template":"","format":"standard","meta":[],"categories":[51],"tags":[],"_links":{"self":[{"href":"https:\/\/pasaenmendoza.com\/index.php?rest_route=\/wp\/v2\/posts\/1411"}],"collection":[{"href":"https:\/\/pasaenmendoza.com\/index.php?rest_route=\/wp\/v2\/posts"}],"about":[{"href":"https:\/\/pasaenmendoza.com\/index.php?rest_route=\/wp\/v2\/types\/post"}],"author":[{"embeddable":true,"href":"https:\/\/pasaenmendoza.com\/index.php?rest_route=\/wp\/v2\/users\/2"}],"replies":[{"embeddable":true,"href":"https:\/\/pasaenmendoza.com\/index.php?rest_route=%2Fwp%2Fv2%2Fcomments&post=1411"}],"version-history":[{"count":1,"href":"https:\/\/pasaenmendoza.com\/index.php?rest_route=\/wp\/v2\/posts\/1411\/revisions"}],"predecessor-version":[{"id":1413,"href":"https:\/\/pasaenmendoza.com\/index.php?rest_route=\/wp\/v2\/posts\/1411\/revisions\/1413"}],"wp:featuredmedia":[{"embeddable":true,"href":"https:\/\/pasaenmendoza.com\/index.php?rest_route=\/wp\/v2\/media\/1412"}],"wp:attachment":[{"href":"https:\/\/pasaenmendoza.com\/index.php?rest_route=%2Fwp%2Fv2%2Fmedia&parent=1411"}],"wp:term":[{"taxonomy":"category","embeddable":true,"href":"https:\/\/pasaenmendoza.com\/index.php?rest_route=%2Fwp%2Fv2%2Fcategories&post=1411"},{"taxonomy":"post_tag","embeddable":true,"href":"https:\/\/pasaenmendoza.com\/index.php?rest_route=%2Fwp%2Fv2%2Ftags&post=1411"}],"curies":[{"name":"wp","href":"https:\/\/api.w.org\/{rel}","templated":true}]}}