{"id":14120,"date":"2025-07-31T23:26:36","date_gmt":"2025-07-31T21:26:36","guid":{"rendered":"https:\/\/pasaenmendoza.com\/?p=14120"},"modified":"2025-07-31T23:26:37","modified_gmt":"2025-07-31T21:26:37","slug":"el-gobierno-aumento-por-decreto-el-salario-de-los-enfermeros","status":"publish","type":"post","link":"https:\/\/pasaenmendoza.com\/?p=14120","title":{"rendered":"El Gobierno aument\u00f3 por decreto el salario de los enfermeros"},"content":{"rendered":"\n<p>El gobernador\u00a0<strong>Alfredo Cornejo<\/strong>\u00a0firm\u00f3 el\u00a0<strong>decreto N\u00b01612\u00a0<\/strong>mediante el cual dispuso un aumento salarial para los\u00a0<strong>Licenciados en Enfermer\u00eda de Mendoza<\/strong>, tras el fracaso de las negociaciones paritarias espec\u00edficas para ese sector.\u00a0<\/p>\n\n\n\n<p>La medida se oficializ\u00f3 este jueves 29 de julio en el Bolet\u00edn Oficial, y establece incrementos progresivos que se aplicar\u00e1n durante el segundo semestre del a\u00f1o.<\/p>\n\n\n\n<p>De acuerdo con el texto del decreto, el Gobierno resolvi\u00f3 avanzar unilateralmente luego de que la\u00a0<strong>Asociaci\u00f3n de Trabajadores del Estado (ATE) rechazara la propuesta y de que AMPROS<\/strong>, el gremio que tambi\u00e9n representa a los profesionales de la salud,\u00a0<strong>no se presentara\u00a0<\/strong>a la audiencia convocada.<\/p>\n\n\n\n<p>Entre los puntos centrales de la disposici\u00f3n, se elimina el \u00edtem 3422 (Adicional Decreto 2585\/2007) a partir del 1\u00b0 de julio, y su monto se incorpora al sueldo b\u00e1sico de los licenciados. Adem\u00e1s, se aplicar\u00e1n\u00a0<strong>aumentos del 4% en julio, 3% en septiembre y otro 3% en noviembre<\/strong>.<\/p>\n\n\n\n<p>El decreto tambi\u00e9n modifica el porcentaje del \u00edtem 3216 (Suplemento Especialidad Profesional Salud), que pasar\u00e1 del 80% al 84% desde agosto y del 84% al 88% a partir de octubre. Con estos cambios, el Ejecutivo considera concluida la discusi\u00f3n salarial del sector para este a\u00f1o.<\/p>\n\n\n\n<p>Desde el Gobierno destacaron que<strong>\u00a0la propuesta representa &#8220;el m\u00e1ximo esfuerzo&#8221; posible en el marco del actual contexto fiscal<\/strong>\u00a0y de recaudaci\u00f3n, y que la medida busca preservar el car\u00e1cter alimentario del salario de los agentes p\u00fablicos, en l\u00ednea con el principio protectorio del trabajador.<\/p>\n\n\n\n<p>El Ministerio de Hacienda y Finanzas fue autorizado a realizar los ajustes presupuestarios necesarios para cumplir con las nuevas obligaciones, que ser\u00e1n financiadas con recursos provinciales.<\/p>\n\n\n\n<p>Con esta decisi\u00f3n, el Gobierno cierra una etapa de la negociaci\u00f3n paritaria 2025 que qued\u00f3 trunca, mientras se mantienen en pie los acuerdos alcanzados con otros sectores de la administraci\u00f3n p\u00fablica.<\/p>\n\n\n\n<p><strong>Fuente: www.mendozapost.com<\/strong><\/p>\n","protected":false},"excerpt":{"rendered":"<p>El gobernador\u00a0Alfredo Cornejo\u00a0firm\u00f3 el\u00a0decreto N\u00b01612\u00a0mediante el cual dispuso un aumento salarial para los\u00a0Licenciados en Enfermer\u00eda de Mendoza, tras el fracaso de las negociaciones paritarias espec\u00edficas para ese sector.\u00a0 La medida se oficializ\u00f3 este jueves 29 de julio en el Bolet\u00edn Oficial, y establece incrementos progresivos que se aplicar\u00e1n durante el segundo semestre del a\u00f1o. De [&hellip;]<\/p>\n","protected":false},"author":2,"featured_media":14121,"comment_status":"open","ping_status":"open","sticky":false,"template":"","format":"standard","meta":[],"categories":[50],"tags":[],"_links":{"self":[{"href":"https:\/\/pasaenmendoza.com\/index.php?rest_route=\/wp\/v2\/posts\/14120"}],"collection":[{"href":"https:\/\/pasaenmendoza.com\/index.php?rest_route=\/wp\/v2\/posts"}],"about":[{"href":"https:\/\/pasaenmendoza.com\/index.php?rest_route=\/wp\/v2\/types\/post"}],"author":[{"embeddable":true,"href":"https:\/\/pasaenmendoza.com\/index.php?rest_route=\/wp\/v2\/users\/2"}],"replies":[{"embeddable":true,"href":"https:\/\/pasaenmendoza.com\/index.php?rest_route=%2Fwp%2Fv2%2Fcomments&post=14120"}],"version-history":[{"count":1,"href":"https:\/\/pasaenmendoza.com\/index.php?rest_route=\/wp\/v2\/posts\/14120\/revisions"}],"predecessor-version":[{"id":14122,"href":"https:\/\/pasaenmendoza.com\/index.php?rest_route=\/wp\/v2\/posts\/14120\/revisions\/14122"}],"wp:featuredmedia":[{"embeddable":true,"href":"https:\/\/pasaenmendoza.com\/index.php?rest_route=\/wp\/v2\/media\/14121"}],"wp:attachment":[{"href":"https:\/\/pasaenmendoza.com\/index.php?rest_route=%2Fwp%2Fv2%2Fmedia&parent=14120"}],"wp:term":[{"taxonomy":"category","embeddable":true,"href":"https:\/\/pasaenmendoza.com\/index.php?rest_route=%2Fwp%2Fv2%2Fcategories&post=14120"},{"taxonomy":"post_tag","embeddable":true,"href":"https:\/\/pasaenmendoza.com\/index.php?rest_route=%2Fwp%2Fv2%2Ftags&post=14120"}],"curies":[{"name":"wp","href":"https:\/\/api.w.org\/{rel}","templated":true}]}}