{"id":14123,"date":"2025-08-01T15:49:31","date_gmt":"2025-08-01T13:49:31","guid":{"rendered":"https:\/\/pasaenmendoza.com\/?p=14123"},"modified":"2025-08-01T15:49:32","modified_gmt":"2025-08-01T13:49:32","slug":"agosto-comienza-con-posibles-lluvias-y-nevadas-en-alta-montana","status":"publish","type":"post","link":"https:\/\/pasaenmendoza.com\/?p=14123","title":{"rendered":"Agosto comienza con posibles lluvias y nevadas en Alta Monta\u00f1a"},"content":{"rendered":"\n<p>Este viernes comienza el mes de agosto y el clima en Mendoza traer\u00e1 un giro invernal con cielo mayormente nublado, descenso t\u00e9rmico y condiciones inestables, seg\u00fan el Servicio Meteorol\u00f3gico Nacional (SMN).<\/p>\n\n\n\n<p>La jornada iniciar\u00e1 sin precipitaciones, pero hacia la tarde y noche se prev\u00e9n lluvias leves y lloviznas, acompa\u00f1adas de vientos moderados del sector sur que intensificar\u00e1n la sensaci\u00f3n de fr\u00edo.<strong>\u00a0La temperatura m\u00e1xima alcanzar\u00e1 los 15\u00b0C, mientras que la m\u00ednima ser\u00e1 de 8\u00b0C.<\/strong><\/p>\n\n\n\n<h2 class=\"wp-block-heading\" id=\"h-alerta-en-la-cordillera-por-intensas-nevadas\">Alerta en la cordillera por intensas nevadas<\/h2>\n\n\n\n<p>La zona cordillerana est\u00e1 bajo alerta amarilla por nevadas persistentes, con acumulaci\u00f3n estimada entre 30 y 50 cent\u00edmetros, aunque en algunos sectores podr\u00eda superarse esa cifra. A esto se suman r\u00e1fagas intensas que podr\u00edan provocar viento blanco, generando riesgos en la visibilidad y complicaciones en el tr\u00e1nsito por alta monta\u00f1a.<\/p>\n\n\n\n<h2 class=\"wp-block-heading\" id=\"h-pronostico-extendido-sigue-el-frio-durante-el-fin-de-semana\">Pron\u00f3stico extendido: sigue el fr\u00edo durante el fin de semana<\/h2>\n\n\n\n<ul>\n<li><strong>S\u00e1bado 2 de agosto<\/strong>: Se prev\u00e9 cielo parcialmente nublado, con precipitaciones en las primeras horas y nevadas en cordillera. Las temperaturas oscilar\u00e1n entre los 2\u00b0C de m\u00ednima y los 16\u00b0C de m\u00e1xima.<\/li>\n\n\n\n<li><strong>Domingo 3 de agosto<\/strong>: Persistir\u00e1 el fr\u00edo, con mejoras en zona cordillerana. El cielo estar\u00e1 parcialmente nublado y las marcas t\u00e9rmicas ir\u00e1n de 2\u00b0C a 11\u00b0C.<\/li>\n<\/ul>\n\n\n\n<p>Quienes planeen viajar o realizar actividades al aire libre en zonas monta\u00f1osas deber\u00e1n tomar precauciones y consultar el estado de rutas, especialmente ante posibles cierres por condiciones clim\u00e1ticas adversas.<\/p>\n\n\n\n<p><strong>Fuente: www.elsol.com.ar<\/strong><\/p>\n","protected":false},"excerpt":{"rendered":"<p>Este viernes comienza el mes de agosto y el clima en Mendoza traer\u00e1 un giro invernal con cielo mayormente nublado, descenso t\u00e9rmico y condiciones inestables, seg\u00fan el Servicio Meteorol\u00f3gico Nacional (SMN). La jornada iniciar\u00e1 sin precipitaciones, pero hacia la tarde y noche se prev\u00e9n lluvias leves y lloviznas, acompa\u00f1adas de vientos moderados del sector sur [&hellip;]<\/p>\n","protected":false},"author":2,"featured_media":14124,"comment_status":"open","ping_status":"open","sticky":false,"template":"","format":"standard","meta":[],"categories":[52],"tags":[],"_links":{"self":[{"href":"https:\/\/pasaenmendoza.com\/index.php?rest_route=\/wp\/v2\/posts\/14123"}],"collection":[{"href":"https:\/\/pasaenmendoza.com\/index.php?rest_route=\/wp\/v2\/posts"}],"about":[{"href":"https:\/\/pasaenmendoza.com\/index.php?rest_route=\/wp\/v2\/types\/post"}],"author":[{"embeddable":true,"href":"https:\/\/pasaenmendoza.com\/index.php?rest_route=\/wp\/v2\/users\/2"}],"replies":[{"embeddable":true,"href":"https:\/\/pasaenmendoza.com\/index.php?rest_route=%2Fwp%2Fv2%2Fcomments&post=14123"}],"version-history":[{"count":1,"href":"https:\/\/pasaenmendoza.com\/index.php?rest_route=\/wp\/v2\/posts\/14123\/revisions"}],"predecessor-version":[{"id":14125,"href":"https:\/\/pasaenmendoza.com\/index.php?rest_route=\/wp\/v2\/posts\/14123\/revisions\/14125"}],"wp:featuredmedia":[{"embeddable":true,"href":"https:\/\/pasaenmendoza.com\/index.php?rest_route=\/wp\/v2\/media\/14124"}],"wp:attachment":[{"href":"https:\/\/pasaenmendoza.com\/index.php?rest_route=%2Fwp%2Fv2%2Fmedia&parent=14123"}],"wp:term":[{"taxonomy":"category","embeddable":true,"href":"https:\/\/pasaenmendoza.com\/index.php?rest_route=%2Fwp%2Fv2%2Fcategories&post=14123"},{"taxonomy":"post_tag","embeddable":true,"href":"https:\/\/pasaenmendoza.com\/index.php?rest_route=%2Fwp%2Fv2%2Ftags&post=14123"}],"curies":[{"name":"wp","href":"https:\/\/api.w.org\/{rel}","templated":true}]}}