{"id":14129,"date":"2025-08-01T15:58:56","date_gmt":"2025-08-01T13:58:56","guid":{"rendered":"https:\/\/pasaenmendoza.com\/?p=14129"},"modified":"2025-08-01T15:58:57","modified_gmt":"2025-08-01T13:58:57","slug":"emerge-en-mendoza-el-partido-defensor-de-villarruel-en-la-pelea-con-milei","status":"publish","type":"post","link":"https:\/\/pasaenmendoza.com\/?p=14129","title":{"rendered":"Emerge en Mendoza el partido defensor de Villarruel en la pelea con Milei"},"content":{"rendered":"\n<p><em>&#8220;<strong>La pol\u00edtica une a los parecidos, las sectas unen a los iguales. Nosotros queremos hacer pol\u00edtica.<\/strong>\u00a0Entendemos que hay que gobernar, pero no sobre el sufrimiento de los jubilados, por ejemplo&#8221;. (Luis Giachino\u00a0al Post, es el impulsor del Partido Libertad , Trabajo y Progreso en Mendoza).<\/em><\/p>\n\n\n\n<p>El mendocinoGiachino present\u00f3 ayer, jueves 31 de julio, oficialmente el partido que el senador nacional formose\u00f1o\u00a0Francisco Paoltroni\u00a0fund\u00f3 en su provincia y ya se encuentra constituido en cuatro distritos del pa\u00eds y con Mendoza alcanzar\u00eda la categor\u00eda de partido nacional.<\/p>\n\n\n\n<p>Giachino quien tambi\u00e9n integra la organizaci\u00f3n militantes\u00a0<em>La Juan Bautista\u00a0<\/em>asegura que la creaci\u00f3n del partido LTP se trata de una iniciativa local, pero<strong>\u00a0es evidente que forma parte del armado nacional que se va tejiendo para darle un armaz\u00f3n pol\u00edtico dentro de la derecha y el conservadurismo a la vicepresidenta<\/strong>\u00a0<strong>Victoria Villarruel.\u00a0<\/strong>Es una herramienta pol\u00edtica en medio de la pulseada que VV disputa con el presidente\u00a0<strong>Javier Gerardo Milei<\/strong>\u00a0que, dicho sea de paso, en las \u00faltimas horas\u00a0<strong>volvi\u00f3 a insistir en que ir\u00e1 por la reelecci\u00f3n<\/strong>.<\/p>\n\n\n\n<p>En ese contexto, cobra m\u00e1s fuerza el pronunciamiento de Giachino al\u00a0<strong><em>Post<\/em><\/strong>\u00a0al regreso de iniciar el tr\u00e1mite de presentaci\u00f3n del partido LTP en la Justicia Electoral Federal.<\/p>\n\n\n\n<p>El hermano del recordado capit\u00e1n de fragata\u00a0<strong>Pedro Giachino, el primer combatiente ca\u00eddo en Malvinas<\/strong>, dijo que\u00a0<strong>en la agrupaci\u00f3n pol\u00edtica derechista reconocen el liderazgo de la vice<em>\u00a0&#8220;por los valores que defiende&#8221;<\/em><\/strong>. Y se ocup\u00f3 de distinguir a esta fuerza\u00a0<em>villarruelista<\/em>\u00a0incipiente de\u00a0<strong>La Libertad Avanza,<\/strong>\u00a0la fuerza pol\u00edtica de la hermandad presidencial que en Mendoza acord\u00f3 con el gobernador radical\u00a0<strong>Alfredo Cornejo<\/strong>\u00a0una alianza electoral para las elecciones del 26-O.<\/p>\n\n\n\n<p>En cuanto a la pelea que hay entre los integrantes de la f\u00f3rmula presidencial que gan\u00f3 las elecciones de 2023, se\u00f1al\u00f3 que\u00a0<strong>si el presidente quisiera, la posici\u00f3n de la vicepresidenta podr\u00eda ser un aporte complementario a la del mismo Milei\u00a0<em>&#8220;aport\u00e1ndole humanidad&#8221;\u00a0<\/em>al gobierno libertario<\/strong>.<\/p>\n\n\n\n<p>Lo puntual y que ya forma parte de la agenda pol\u00edtica con resonancia nacional es que Giachino presentar\u00e1 el partido en sociedad el lunes 4 a las 18:00 en el Hotel Huentala junto a Paoltroni y<strong>\u00a0con este acto dejar\u00e1 sellado que en este forcejeo con Milei ella, Villarruel ya cuenta con esta herramienta que le servir\u00e1 para ser candidata a presidenta en 2027<\/strong>.<\/p>\n\n\n\n<p>Las &#8220;plumas gansas&#8221; de la vice<\/p>\n\n\n\n<p>Un detalle para tener en cuenta.&nbsp;<strong>Villarruel en 2022 se afili\u00f3 al Partido Dem\u00f3crata, el partido conservador nacido en las fincas mendocinas hace m\u00e1s de cien a\u00f1os.&nbsp;<\/strong>Al PD a nivel nacional lo conduce el hist\u00f3rico dirigente ganso&nbsp;<strong>Carlos Balter<\/strong>. De hecho, fue el mismo Balter quien inscribi\u00f3 a Villarruel en el partido y la convenci\u00f3 para que presidiera el PD de la Provincia de Buenos Aires hasta que en 2024 renunci\u00f3 a ese cargo partidario, pero a\u00fan mantiene su ficha de afiliaci\u00f3n dem\u00f3crata.&nbsp;<\/p>\n\n\n\n<p>El domingo 10 de diciembre\u00a0de 2023\u00a0public\u00f3 un informe donde Balter dec\u00eda orgulloso:\u00a0<em>&#8220;<strong>tal cual como vos lo dec\u00eds, (Villarruel) es dem\u00f3crata y el Partido Dem\u00f3crata tiene la Vicepresidencia de la Rep\u00fablica, efectivamente&#8221;<\/strong><\/em>.\u00a0<\/p>\n\n\n\n<p>Hoy Balter es funcionario de Milei integrando el directorio del Banco Naci\u00f3n y no participa del debate pol\u00edtico.\u00a0<\/p>\n\n\n\n<p><strong>Fuente: www.mendozapost.com<\/strong><\/p>\n","protected":false},"excerpt":{"rendered":"<p>&#8220;La pol\u00edtica une a los parecidos, las sectas unen a los iguales. Nosotros queremos hacer pol\u00edtica.\u00a0Entendemos que hay que gobernar, pero no sobre el sufrimiento de los jubilados, por ejemplo&#8221;. (Luis Giachino\u00a0al Post, es el impulsor del Partido Libertad , Trabajo y Progreso en Mendoza). El mendocinoGiachino present\u00f3 ayer, jueves 31 de julio, oficialmente el [&hellip;]<\/p>\n","protected":false},"author":2,"featured_media":14130,"comment_status":"open","ping_status":"open","sticky":false,"template":"","format":"standard","meta":[],"categories":[47],"tags":[],"_links":{"self":[{"href":"https:\/\/pasaenmendoza.com\/index.php?rest_route=\/wp\/v2\/posts\/14129"}],"collection":[{"href":"https:\/\/pasaenmendoza.com\/index.php?rest_route=\/wp\/v2\/posts"}],"about":[{"href":"https:\/\/pasaenmendoza.com\/index.php?rest_route=\/wp\/v2\/types\/post"}],"author":[{"embeddable":true,"href":"https:\/\/pasaenmendoza.com\/index.php?rest_route=\/wp\/v2\/users\/2"}],"replies":[{"embeddable":true,"href":"https:\/\/pasaenmendoza.com\/index.php?rest_route=%2Fwp%2Fv2%2Fcomments&post=14129"}],"version-history":[{"count":1,"href":"https:\/\/pasaenmendoza.com\/index.php?rest_route=\/wp\/v2\/posts\/14129\/revisions"}],"predecessor-version":[{"id":14131,"href":"https:\/\/pasaenmendoza.com\/index.php?rest_route=\/wp\/v2\/posts\/14129\/revisions\/14131"}],"wp:featuredmedia":[{"embeddable":true,"href":"https:\/\/pasaenmendoza.com\/index.php?rest_route=\/wp\/v2\/media\/14130"}],"wp:attachment":[{"href":"https:\/\/pasaenmendoza.com\/index.php?rest_route=%2Fwp%2Fv2%2Fmedia&parent=14129"}],"wp:term":[{"taxonomy":"category","embeddable":true,"href":"https:\/\/pasaenmendoza.com\/index.php?rest_route=%2Fwp%2Fv2%2Fcategories&post=14129"},{"taxonomy":"post_tag","embeddable":true,"href":"https:\/\/pasaenmendoza.com\/index.php?rest_route=%2Fwp%2Fv2%2Ftags&post=14129"}],"curies":[{"name":"wp","href":"https:\/\/api.w.org\/{rel}","templated":true}]}}