{"id":14132,"date":"2025-08-01T16:05:32","date_gmt":"2025-08-01T14:05:32","guid":{"rendered":"https:\/\/pasaenmendoza.com\/?p=14132"},"modified":"2025-08-01T16:05:33","modified_gmt":"2025-08-01T14:05:33","slug":"como-seran-las-48-horas-sin-agua-en-mendoza","status":"publish","type":"post","link":"https:\/\/pasaenmendoza.com\/?p=14132","title":{"rendered":"C\u00f3mo ser\u00e1n las 48 horas sin agua en Mendoza"},"content":{"rendered":"\n<p><strong>Este s\u00e1bado 2 de agosto<\/strong>, miles de mendocinos se quedar\u00e1n sin agua debido a una obra que realizar\u00e1 la empresa\u00a0<strong>Aguas Mendocinas<\/strong>, que ya avis\u00f3 que la interrupci\u00f3n del servicio podr\u00eda extenderse a dos d\u00edas.\u00a0<strong>A partir de las 2 de la ma\u00f1ana del s\u00e1bado<\/strong>, se activar\u00e1 un corte programado que afectar\u00e1 a\u00a0<strong>seis departamentos del Gran Mendoza<\/strong>.<\/p>\n\n\n\n<p>En concreto,&nbsp;<strong>Aysam<\/strong>&nbsp;instalar\u00e1&nbsp;<strong>tres caudal\u00edmetros electromagn\u00e9ticos<\/strong>&nbsp;que buscan acceder a un mejor control del recurso h\u00eddrico. Estos dispositivos se colocar\u00e1n en los acueductos de mayor di\u00e1metro ubicados en La Puntilla y en cercan\u00edas de la rotonda Marciano Cantero, en Godoy Cruz.&nbsp;<\/p>\n\n\n\n<p>No ser\u00e1n los \u00fanicos trabajos: el corte fue planificado en conjunto con el\u00a0<strong>Departamento General de Irrigaci\u00f3n<\/strong>, que aprovechar\u00e1 la fecha para hacer tareas en el\u00a0<strong>Dique Carrodilla.\u00a0<\/strong>Desde\u00a0<strong>Aysam<\/strong>\u00a0informaron que eligieron el s\u00e1bado a la madrugada para\u00a0evitar complicaciones mayores en\u00a0<strong>escuelas y oficinas p\u00fablicas<\/strong>.<\/p>\n\n\n\n<p>\u00bfQu\u00e9 zonas se quedar\u00e1n sin agua?<\/p>\n\n\n\n<p>Desde la madrugada del s\u00e1bado, el corte afectar\u00e1 a las siguientes zonas, que abarcan casi todo el Gran Mendoza:<\/p>\n\n\n\n<p><strong>-Ciudad de Mendoza<\/strong>: Secciones 1\u00b0 a la 8\u00b0 y La Favorita.<\/p>\n\n\n\n<p><strong>-Godoy Cruz<\/strong>: Barrios Sarmiento, Benegas, Las Tortugas, San Francisco del Monte y zona oeste.<\/p>\n\n\n\n<p><strong>-Guaymall\u00e9n<\/strong>: Dorrego, Las Ca\u00f1as, Villa Nueva, San Jos\u00e9, Pedro Molina, Jes\u00fas Nazareno, Rodeo de la Cruz y Km 11.<\/p>\n\n\n\n<p><strong>-Las Heras<\/strong>: Zona centro, oeste y norte.<\/p>\n\n\n\n<p><strong>-Luj\u00e1n de Cuyo<\/strong>: La Puntilla, Las Compuertas, Carrodilla y Chacras de Coria.<\/p>\n\n\n\n<p><strong>-Maip\u00fa<\/strong>: Coquimbito.<\/p>\n\n\n\n<p><strong>El agua se cortar\u00e1 a las 2 de la ma\u00f1ana<\/strong>, y las\u00a0<strong>tareas comenzar\u00e1n a las 5, extendi\u00e9ndose<\/strong>\u00a0aproximadamente por\u00a0<strong>18 horas<\/strong>. Una vez finalizadas, iniciar\u00e1 el proceso de recuperaci\u00f3n de reservas y purgas en los acueductos. Por eso, el\u00a0<strong>restablecimiento del servicio ser\u00e1 paulatino<\/strong>, entre el\u00a0<strong>domingo por la noche y el lunes<\/strong>, seg\u00fan cada zona.<\/p>\n\n\n\n<p>C\u00f3mo prepararse para el corte<\/p>\n\n\n\n<p>Desde&nbsp;<strong>Aguas Mendocinas<\/strong>&nbsp;solicitaron a los mendocinos&nbsp;<strong>hacer un uso sumamente responsable y solidario del agua potable<\/strong>&nbsp;durante todo el fin de semana. Estas son las principales recomendaciones:<\/p>\n\n\n\n<p><strong>-Guardar 2 litros de agua embotellada por persona<\/strong><\/p>\n\n\n\n<p><strong>-Usar con moderaci\u00f3n el agua del tanque domiciliario<\/strong><\/p>\n\n\n\n<p><strong>-Evitar lavar ropa, vajilla o regar jardines<\/strong><\/p>\n\n\n\n<p><strong>-Controlar p\u00e9rdidas o goteras en canillas e inodoros<\/strong><\/p>\n\n\n\n<p><strong>-Recordar que est\u00e1 prohibido usar mangueras o hidrolavadoras todos los d\u00edas del a\u00f1o<\/strong><\/p>\n\n\n\n<p>La colocaci\u00f3n de estos tres nuevos caudal\u00edmetros forma parte del plan de&nbsp;<strong>macro y micromedici\u00f3n<\/strong>&nbsp;que impulsa AYSAM en toda el \u00c1rea Metropolitana. Ya hay otros seis en funcionamiento, distribuidos entre los establecimientos potabilizadores Benegas, Alto Godoy y la Plaza Cioppo en Luj\u00e1n.<\/p>\n\n\n\n<p>Con una inversi\u00f3n de USD 300.000 solo en este operativo, desde la empresa destacaron que el objetivo es lograr una red m\u00e1s moderna,\u00a0<strong>automatizada, eficiente y transparente<\/strong>, que mejore el servicio para\u00a0<strong>m\u00e1s de 1.100.000 mendocinos<\/strong>.<\/p>\n\n\n\n<p><strong>Fuente: www.mendozapost.com<\/strong><\/p>\n","protected":false},"excerpt":{"rendered":"<p>Este s\u00e1bado 2 de agosto, miles de mendocinos se quedar\u00e1n sin agua debido a una obra que realizar\u00e1 la empresa\u00a0Aguas Mendocinas, que ya avis\u00f3 que la interrupci\u00f3n del servicio podr\u00eda extenderse a dos d\u00edas.\u00a0A partir de las 2 de la ma\u00f1ana del s\u00e1bado, se activar\u00e1 un corte programado que afectar\u00e1 a\u00a0seis departamentos del Gran Mendoza. [&hellip;]<\/p>\n","protected":false},"author":2,"featured_media":14133,"comment_status":"open","ping_status":"open","sticky":false,"template":"","format":"standard","meta":[],"categories":[50],"tags":[],"_links":{"self":[{"href":"https:\/\/pasaenmendoza.com\/index.php?rest_route=\/wp\/v2\/posts\/14132"}],"collection":[{"href":"https:\/\/pasaenmendoza.com\/index.php?rest_route=\/wp\/v2\/posts"}],"about":[{"href":"https:\/\/pasaenmendoza.com\/index.php?rest_route=\/wp\/v2\/types\/post"}],"author":[{"embeddable":true,"href":"https:\/\/pasaenmendoza.com\/index.php?rest_route=\/wp\/v2\/users\/2"}],"replies":[{"embeddable":true,"href":"https:\/\/pasaenmendoza.com\/index.php?rest_route=%2Fwp%2Fv2%2Fcomments&post=14132"}],"version-history":[{"count":1,"href":"https:\/\/pasaenmendoza.com\/index.php?rest_route=\/wp\/v2\/posts\/14132\/revisions"}],"predecessor-version":[{"id":14134,"href":"https:\/\/pasaenmendoza.com\/index.php?rest_route=\/wp\/v2\/posts\/14132\/revisions\/14134"}],"wp:featuredmedia":[{"embeddable":true,"href":"https:\/\/pasaenmendoza.com\/index.php?rest_route=\/wp\/v2\/media\/14133"}],"wp:attachment":[{"href":"https:\/\/pasaenmendoza.com\/index.php?rest_route=%2Fwp%2Fv2%2Fmedia&parent=14132"}],"wp:term":[{"taxonomy":"category","embeddable":true,"href":"https:\/\/pasaenmendoza.com\/index.php?rest_route=%2Fwp%2Fv2%2Fcategories&post=14132"},{"taxonomy":"post_tag","embeddable":true,"href":"https:\/\/pasaenmendoza.com\/index.php?rest_route=%2Fwp%2Fv2%2Ftags&post=14132"}],"curies":[{"name":"wp","href":"https:\/\/api.w.org\/{rel}","templated":true}]}}