{"id":14135,"date":"2025-08-04T21:56:44","date_gmt":"2025-08-04T19:56:44","guid":{"rendered":"https:\/\/pasaenmendoza.com\/?p=14135"},"modified":"2025-08-04T21:56:45","modified_gmt":"2025-08-04T19:56:45","slug":"tras-varios-dias-cerrado-reabrieron-este-lunes-el-paso-cristo-redentor","status":"publish","type":"post","link":"https:\/\/pasaenmendoza.com\/?p=14135","title":{"rendered":"Tras varios d\u00edas cerrado, reabrieron este lunes el paso Cristo Redentor"},"content":{"rendered":"\n<p>Las autoridades del Sistema Integrado Cristo Redentor informaron que el paso internacional entre Mendoza y Chile fue habilitado este lunes 4 de agosto desde las 10, en ambos sentidos y para todo tipo de veh\u00edculos; particulares, \u00f3mnibus y transporte de cargas. Permanec\u00eda cerrado desde la semana pasada.&nbsp;<\/p>\n\n\n\n<p>Seg\u00fan lo estipulado en el horario invernal vigente, el paso permanecer\u00e1 abierto entre las 10 y las 21 horas para quienes crucen desde Argentina hacia el pa\u00eds vecino. Adem\u00e1s,&nbsp;<strong>se recuerda que es obligatoria la portaci\u00f3n de cadenas<\/strong>&nbsp;debido a las condiciones clim\u00e1ticas adversas en la alta monta\u00f1a.<\/p>\n\n\n\n<p><strong>Precauci\u00f3n por nieve y temperaturas extremas<\/strong><\/p>\n\n\n\n<p>Este lunes, ambas coordinaciones \u2014Argentina y Chile\u2014 realizaron un relevamiento del estado de las rutas y confirmaron la transitabilidad segura para habilitar el paso. Sin embargo, se&nbsp;<strong>recomienda circular con m\u00e1xima precauci\u00f3n<\/strong>&nbsp;debido a las&nbsp;<strong>nevadas intermitentes, cielo mayormente nublado y viento moderado del oeste.<\/strong><\/p>\n\n\n\n<p>Las temperaturas registradas en las principales localidades de la cordillera son:<\/p>\n\n\n\n<p><mark><strong>Uspallata: -2\u202f\u00b0C<\/strong><\/mark><\/p>\n\n\n\n<p><mark><strong>Punta de Vacas: -9\u202f\u00b0C<\/strong><\/mark><\/p>\n\n\n\n<p><mark><strong>Puente del Inca: -11\u202f\u00b0C<\/strong><\/mark><\/p>\n\n\n\n<p><mark><strong>Las Cuevas: -12\u202f\u00b0C<\/strong><\/mark><\/p>\n\n\n\n<h4 class=\"wp-block-heading\"><strong>El Paso Pehuenche contin\u00faa cerrado<\/strong><\/h4>\n\n\n\n<p>En cuanto al Paso Pehuenche, las autoridades informaron que permanece cerrado este lunes 4 de agosto, en ambos sentidos y para todo tipo de veh\u00edculos.<\/p>\n\n\n\n<p>La interrupci\u00f3n del tr\u00e1nsito se debe a precipitaciones de nieve y fuertes r\u00e1fagas de viento que afectan la visibilidad y el estado de este paso que conecta Malarg\u00fce con Talca, Chile, a trav\u00e9s de la ruta 145.<\/p>\n\n\n\n<p><strong>Fuente: www.diariomendoza.com.ar<\/strong><\/p>\n","protected":false},"excerpt":{"rendered":"<p>Las autoridades del Sistema Integrado Cristo Redentor informaron que el paso internacional entre Mendoza y Chile fue habilitado este lunes 4 de agosto desde las 10, en ambos sentidos y para todo tipo de veh\u00edculos; particulares, \u00f3mnibus y transporte de cargas. Permanec\u00eda cerrado desde la semana pasada.&nbsp; Seg\u00fan lo estipulado en el horario invernal vigente, [&hellip;]<\/p>\n","protected":false},"author":2,"featured_media":14136,"comment_status":"open","ping_status":"open","sticky":false,"template":"","format":"standard","meta":[],"categories":[66],"tags":[],"_links":{"self":[{"href":"https:\/\/pasaenmendoza.com\/index.php?rest_route=\/wp\/v2\/posts\/14135"}],"collection":[{"href":"https:\/\/pasaenmendoza.com\/index.php?rest_route=\/wp\/v2\/posts"}],"about":[{"href":"https:\/\/pasaenmendoza.com\/index.php?rest_route=\/wp\/v2\/types\/post"}],"author":[{"embeddable":true,"href":"https:\/\/pasaenmendoza.com\/index.php?rest_route=\/wp\/v2\/users\/2"}],"replies":[{"embeddable":true,"href":"https:\/\/pasaenmendoza.com\/index.php?rest_route=%2Fwp%2Fv2%2Fcomments&post=14135"}],"version-history":[{"count":1,"href":"https:\/\/pasaenmendoza.com\/index.php?rest_route=\/wp\/v2\/posts\/14135\/revisions"}],"predecessor-version":[{"id":14137,"href":"https:\/\/pasaenmendoza.com\/index.php?rest_route=\/wp\/v2\/posts\/14135\/revisions\/14137"}],"wp:featuredmedia":[{"embeddable":true,"href":"https:\/\/pasaenmendoza.com\/index.php?rest_route=\/wp\/v2\/media\/14136"}],"wp:attachment":[{"href":"https:\/\/pasaenmendoza.com\/index.php?rest_route=%2Fwp%2Fv2%2Fmedia&parent=14135"}],"wp:term":[{"taxonomy":"category","embeddable":true,"href":"https:\/\/pasaenmendoza.com\/index.php?rest_route=%2Fwp%2Fv2%2Fcategories&post=14135"},{"taxonomy":"post_tag","embeddable":true,"href":"https:\/\/pasaenmendoza.com\/index.php?rest_route=%2Fwp%2Fv2%2Ftags&post=14135"}],"curies":[{"name":"wp","href":"https:\/\/api.w.org\/{rel}","templated":true}]}}