{"id":1414,"date":"2023-09-13T14:08:11","date_gmt":"2023-09-13T12:08:11","guid":{"rendered":"https:\/\/pasaenmendoza.com\/?p=1414"},"modified":"2023-09-13T14:08:12","modified_gmt":"2023-09-13T12:08:12","slug":"llamativas-presencias-y-ausencias-en-la-visita-del-candidato-a-vice-agustin-rossi-a-mendoza","status":"publish","type":"post","link":"https:\/\/pasaenmendoza.com\/?p=1414","title":{"rendered":"Llamativas presencias y ausencias en la visita del candidato a vice Agust\u00edn Rossi a Mendoza"},"content":{"rendered":"\n<p>La c\u00fapula del Partido Justicialista convoc\u00f3 a intendentes, legisladores, candidatos de diferente categor\u00edas y dirigentes para recibir al jefe de Gabinete y compa\u00f1ero de f\u00f3rmula de Sergio Massa, Agust\u00edn Rossi. Hubo dos &#8220;faltazos&#8221; con particularidades en el medio.<\/p>\n\n\n\n<p>El\u00a0<strong>peronismo<\/strong> mendocino\u00a0recibi\u00f3 al jefe de Gabinete de la Naci\u00f3n y candidato a vicepresidente de la Naci\u00f3n por Uni\u00f3n por la Patria,\u00a0<strong>Agust\u00edn Rossi<\/strong>, con el fin de levantar la imagen del espacio de cara los a comicios provinciales y, a su vez, los nacionales. Pero el \u00e9nfasis estuvo puesto, quiz\u00e1s, en el 24 de septiembre, cuando se elija al pr\u00f3ximo gobernador.<\/p>\n\n\n\n<p>Rossi dej\u00f3 en evidencia dos de sus objetivos: apoyar p\u00fablicamente a la f\u00f3rmula\u00a0<strong>Omar Parisi<\/strong>-Lucas Ilardo, luego del resultado desfavorable en las PASO de junio (el Frente Eleg\u00ed obtuvo 15,6% de los votos) y, adem\u00e1s, evitar que se produzca una fuga de votos peronistas al frente La Uni\u00f3n Mendocina, donde Omar De Marchi ya le dio asilo a algunos dirigentes enemistados con la conducci\u00f3n del PJ.<\/p>\n\n\n\n<p>De los 18 departamentos, 6 tienen conducci\u00f3n peronista: Emir F\u00e9lix (San Rafael), Mart\u00edn Aveiro (Tunuy\u00e1n), Flor Dest\u00e9fanis (Santa Rosa), Fernando Ubieta (La Paz), Mat\u00edas Stevanato (Maip\u00fa) y Roberto Righi (Lavalle). Estos dos \u00faltimos no asistieron a las actividades de Rossi, tanto en la sede del PJ como en el Teatro Selectro. En el caso de Righi, el jefe comunal del Norte provincial caus\u00f3 gran revuelo en las filas del peronismo, luego de que oficializara su pase a los equipos de trabajo de Omar De Marchi. Lo particular es que el lavallino apoya a La Uni\u00f3n Mendocina en la provincia, aunque en lo nacional respalda a Sergio Massa y a Agust\u00edn Rossi.<\/p>\n\n\n\n<p>Stevanato fue el otro gran ausente. Desde su entorno indicaron<em>\u00a0<\/em>que tuvo un viaje a San Juan de \u00faltimo momento, pero es imposible no tener en consideraci\u00f3n que el intendente de Maip\u00fa no ha manifestado su apoyo a Omar Parisi y que, adem\u00e1s, coquetea con De Marchi hace tiempo, aunque sin blanquear su decisi\u00f3n y dejando la puerta abierta a especulaciones, que poco a poco se fueron desinflando.\u00a0&#8220;Quiero que el pr\u00f3ximo gobernador sea una persona que apueste al di\u00e1logo y genere puentes. Y s\u00ed me preguntan el nombre, Omar, de Luj\u00e1n y exintendente&#8221;, sostuvo Stevanato semanas atr\u00e1s al bromear sobre De Marchi y Parisi, que comparten esas caracter\u00edsticas.<\/p>\n\n\n\n<p>Parisi dijo en aquella ocasi\u00f3n\u00a0a modo de contestaci\u00f3n que &#8220;Stevanato\u00a0tomar\u00e1 las decisiones que tenga que tomar. Yo trabajo para gobernar la provincia. No trabajo para ver a qui\u00e9n sumo, qui\u00e9n viene o qui\u00e9n no viene (&#8230;) A\u00a0m\u00ed\u00a0Stevanato\u00a0no me tiene que confirmar nada&#8221;.<\/p>\n\n\n\n<p>Mat\u00edas Stevanato, ten\u00eda todas las intenciones de anunciar p\u00fablicamente su deseo de participar activamente del espacio anticornejo con Omar De Marchi, aunque un llamado desde Buenos Aires lo habr\u00eda frenado. Precisamente, desde &#8220;la tribuna de la cancha de Tigre&#8221;, seg\u00fan afirmaron fuentes de su entorno.<\/p>\n\n\n\n<p>Pero, regresando al arribo de Agust\u00edn Rossi a la provincia este martes, el santafesino fue consultado por los peronistas que migraron a La Uni\u00f3n Mendocina al aseverar que &#8220;el peronismo est\u00e1 ac\u00e1. Nosotros&nbsp;no hacemos valoraciones a un compa\u00f1ero que est\u00e1 en un lado o&nbsp;que est\u00e1 en el otro. Es distinto. El&nbsp;<strong>peronismo&nbsp;<\/strong>es mucho m\u00e1s que los dirigentes&#8221;. De forma tajante agreg\u00f3 que &#8220;el que cree que su sola presencia es m\u00e1s importante que el peronismo, se equivoca. El&nbsp;peronismo&nbsp;de Mendoza est\u00e1 ac\u00e1, est\u00e1 en el Partido Justicialista, est\u00e1 en la candidatura de Omar Parisi y en todos los compa\u00f1eros que est\u00e1n ac\u00e1&#8221;.<\/p>\n\n\n\n<p>Respecto a lo ocurrido con Righi y su ausencia,&nbsp;Rossi&nbsp;indic\u00f3 de forma tajante: &#8220;La explicaci\u00f3n la tiene que dar Righi. Yo no tengo por qu\u00e9 opinar sobre ese tipo de ese tipo de situaciones. En todo caso yo tendr\u00eda que explicar cu\u00e1l es la posici\u00f3n del peronismo nacional. El peronismo nacional, el Partido Justicialista, Sergio Massa y&nbsp;Agust\u00edn Rossi&nbsp;est\u00e1n comprometidos con la f\u00f3rmula Omar Parisi&nbsp;y Lucas Ilardo&#8221;.<\/p>\n\n\n\n<p>A su turno,\u00a0<strong>Parisi\u00a0<\/strong>se refiri\u00f3 a aquellos justicialistas que hablan de que el &#8220;voto \u00fatil&#8221; el 24 de septiembre es Omar De\u00a0marchi porque tendr\u00eda\u00a0los n\u00fameros para hacerle frente a Alfredo Cornejo.\u00a0 &#8220;A los peronistas que dicen eso yo les contesto lo siguiente: hablar de voto \u00fatil para De Marchi para que no gane Cornejo ser\u00eda como el voto \u00fatil de Patricia Bullrich para que no gane Javier Milei. No tiene nada que ver con el peronismo. De Marchi no es peronista. La alternativa somos Lucas Ilardo y yo&#8221;, esgrimi\u00f3 el exintendente de Luj\u00e1n de Cuyo.<\/p>\n\n\n\n<p>Por su parte, el\u00a0diputado nacional y exintendente de Maip\u00fa Adolfo Bermejo coment\u00f3 en di\u00e1logo acerca de la falta de Mat\u00edas Stevanato:\u00a0&#8220;No he estado en contacto con Mat\u00edas, pero est\u00e1 acompa\u00f1ando a todo el peronismo provincial y nacional. Creo que todo el aporte de su gesti\u00f3n y el resultado del departamento de Maip\u00fa para nosotros es importante. Es importante para el peronismo en general que nos mantengamos en este proceso de unidad, militancia y buscar cada vez m\u00e1s votos&#8221;.<\/p>\n\n\n\n<p>Sobre si existe un riesgo de fuga hacia el demarchismo, expres\u00f3: &#8220;No creo que eso vaya a ocurrir. No me lo ha manifestado. Estoy convencido de que va a seguir apoyando al peronismo&#8221;.<\/p>\n\n\n\n<p>FUENTE: MDZONLINE.<\/p>\n","protected":false},"excerpt":{"rendered":"<p>La c\u00fapula del Partido Justicialista convoc\u00f3 a intendentes, legisladores, candidatos de diferente categor\u00edas y dirigentes para recibir al jefe de Gabinete y compa\u00f1ero de f\u00f3rmula de Sergio Massa, Agust\u00edn Rossi. Hubo dos &#8220;faltazos&#8221; con particularidades en el medio. El\u00a0peronismo mendocino\u00a0recibi\u00f3 al jefe de Gabinete de la Naci\u00f3n y candidato a vicepresidente de la Naci\u00f3n por [&hellip;]<\/p>\n","protected":false},"author":2,"featured_media":1415,"comment_status":"open","ping_status":"open","sticky":true,"template":"","format":"standard","meta":[],"categories":[47],"tags":[],"_links":{"self":[{"href":"https:\/\/pasaenmendoza.com\/index.php?rest_route=\/wp\/v2\/posts\/1414"}],"collection":[{"href":"https:\/\/pasaenmendoza.com\/index.php?rest_route=\/wp\/v2\/posts"}],"about":[{"href":"https:\/\/pasaenmendoza.com\/index.php?rest_route=\/wp\/v2\/types\/post"}],"author":[{"embeddable":true,"href":"https:\/\/pasaenmendoza.com\/index.php?rest_route=\/wp\/v2\/users\/2"}],"replies":[{"embeddable":true,"href":"https:\/\/pasaenmendoza.com\/index.php?rest_route=%2Fwp%2Fv2%2Fcomments&post=1414"}],"version-history":[{"count":1,"href":"https:\/\/pasaenmendoza.com\/index.php?rest_route=\/wp\/v2\/posts\/1414\/revisions"}],"predecessor-version":[{"id":1416,"href":"https:\/\/pasaenmendoza.com\/index.php?rest_route=\/wp\/v2\/posts\/1414\/revisions\/1416"}],"wp:featuredmedia":[{"embeddable":true,"href":"https:\/\/pasaenmendoza.com\/index.php?rest_route=\/wp\/v2\/media\/1415"}],"wp:attachment":[{"href":"https:\/\/pasaenmendoza.com\/index.php?rest_route=%2Fwp%2Fv2%2Fmedia&parent=1414"}],"wp:term":[{"taxonomy":"category","embeddable":true,"href":"https:\/\/pasaenmendoza.com\/index.php?rest_route=%2Fwp%2Fv2%2Fcategories&post=1414"},{"taxonomy":"post_tag","embeddable":true,"href":"https:\/\/pasaenmendoza.com\/index.php?rest_route=%2Fwp%2Fv2%2Ftags&post=1414"}],"curies":[{"name":"wp","href":"https:\/\/api.w.org\/{rel}","templated":true}]}}