{"id":14141,"date":"2025-08-04T22:05:43","date_gmt":"2025-08-04T20:05:43","guid":{"rendered":"https:\/\/pasaenmendoza.com\/?p=14141"},"modified":"2025-08-04T22:05:44","modified_gmt":"2025-08-04T20:05:44","slug":"culmino-el-tercer-dia-de-audiencia-publica-por-psj-cobre-mendocino","status":"publish","type":"post","link":"https:\/\/pasaenmendoza.com\/?p=14141","title":{"rendered":"Culmin\u00f3 el tercer d\u00eda de audiencia p\u00fablica por PSJ Cobre Mendocino"},"content":{"rendered":"\n<p>Con m\u00e1s de 150 vecinos anotados para participar, se desarroll\u00f3 la tercera jornada de audiencia p\u00fablica del\u00a0proyecto\u00a0<strong>PSJ Cobre Mendocino<\/strong>, propuesto por la minera San Jorge SA.<\/p>\n\n\n\n<p>El s\u00e1bado comenzaron las exposiciones con la informaci\u00f3n t\u00e9cnica del proponente y la opini\u00f3n de empresarios, comerciantes y vecinos de&nbsp;<strong>Uspallata<\/strong>. Ese primer d\u00eda, todos los oradores se manifestaron a favor de la mina mientras unos 40 kil\u00f3metros m\u00e1s abajo, se desarrollaba una especie de audiencia paralela organizada por ambientalistas y&nbsp;<strong>antimineros<\/strong>.<\/p>\n\n\n\n<p>El segundo d\u00eda tuvo la participaci\u00f3n de m\u00e1s de 100 oradores que se manifestaron a favor y en contra del\u00a0<strong>proyecto PSJ Cobre Mendocino<\/strong>. Los primeros hicieron referencia especialmente a la cantidad de trabajo que podr\u00eda generar la minera tanto en la comunidad de Uspallata como en el resto de la provincia.<\/p>\n\n\n\n<p>Este lunes la convocatoria fue m\u00e1s escasa y se volvieron a escuchar&nbsp;<strong>voces a favor y en contra<\/strong>.<\/p>\n\n\n\n<h2 class=\"wp-block-heading\">Empleo y cuidado del agua, las principales preocupaciones de los vecinos de Uspallata<\/h2>\n\n\n\n<p>Como en las jornadas anteriores, la falta de empleo y de oportunidades fue una constante en cada una de las presentaciones.<\/p>\n\n\n\n<p>Los&nbsp;<strong>vecinos de Uspallata<\/strong>&nbsp;hicieron foco en la necesidad de que mejoren las condiciones para el pueblo en materia de trabajo, educaci\u00f3n y de infraestructura, entendiendo que la presencia de la minera San Jorge podr\u00eda ser de gran impulso para ello.<\/p>\n\n\n\n<p>Por otro lado, hubo vecinos que plantearon sus dudas y temores sobre la preservaci\u00f3n del&nbsp;<strong>agua<\/strong>, recurso necesario para que la minera lleve a cabo el procedimiento de flotaci\u00f3n con el que extraer\u00e1 \u2013en caso de recibir el aval- el&nbsp;<strong>cobre del cerro San Jorge<\/strong>.<\/p>\n\n\n\n<h2 class=\"wp-block-heading\">Sigue la audiencia p\u00fablica por PSJ Cobre Mendocino<\/h2>\n\n\n\n<p>Para el martes est\u00e1n inscriptos otros 156 oradores. Esta etapa de audiencia p\u00fablica es parte del proceso que inici\u00f3 la&nbsp;<strong>minera San Jorge&nbsp;<\/strong>tendiente a lograr la declaraci\u00f3n de impacto ambiental (DIA) para poder construir la mina y operar.<\/p>\n\n\n\n<p>Lo que busca la\u00a0<strong>minera<\/strong>\u00a0es extraer sulfuro de cobre del cerro\u00a0<strong>San Jorge<\/strong>.<\/p>\n\n\n\n<p><strong>Fuente: www.diariouno.com.ar<\/strong><\/p>\n","protected":false},"excerpt":{"rendered":"<p>Con m\u00e1s de 150 vecinos anotados para participar, se desarroll\u00f3 la tercera jornada de audiencia p\u00fablica del\u00a0proyecto\u00a0PSJ Cobre Mendocino, propuesto por la minera San Jorge SA. El s\u00e1bado comenzaron las exposiciones con la informaci\u00f3n t\u00e9cnica del proponente y la opini\u00f3n de empresarios, comerciantes y vecinos de&nbsp;Uspallata. Ese primer d\u00eda, todos los oradores se manifestaron a [&hellip;]<\/p>\n","protected":false},"author":2,"featured_media":14142,"comment_status":"open","ping_status":"open","sticky":false,"template":"","format":"standard","meta":[],"categories":[116],"tags":[],"_links":{"self":[{"href":"https:\/\/pasaenmendoza.com\/index.php?rest_route=\/wp\/v2\/posts\/14141"}],"collection":[{"href":"https:\/\/pasaenmendoza.com\/index.php?rest_route=\/wp\/v2\/posts"}],"about":[{"href":"https:\/\/pasaenmendoza.com\/index.php?rest_route=\/wp\/v2\/types\/post"}],"author":[{"embeddable":true,"href":"https:\/\/pasaenmendoza.com\/index.php?rest_route=\/wp\/v2\/users\/2"}],"replies":[{"embeddable":true,"href":"https:\/\/pasaenmendoza.com\/index.php?rest_route=%2Fwp%2Fv2%2Fcomments&post=14141"}],"version-history":[{"count":1,"href":"https:\/\/pasaenmendoza.com\/index.php?rest_route=\/wp\/v2\/posts\/14141\/revisions"}],"predecessor-version":[{"id":14143,"href":"https:\/\/pasaenmendoza.com\/index.php?rest_route=\/wp\/v2\/posts\/14141\/revisions\/14143"}],"wp:featuredmedia":[{"embeddable":true,"href":"https:\/\/pasaenmendoza.com\/index.php?rest_route=\/wp\/v2\/media\/14142"}],"wp:attachment":[{"href":"https:\/\/pasaenmendoza.com\/index.php?rest_route=%2Fwp%2Fv2%2Fmedia&parent=14141"}],"wp:term":[{"taxonomy":"category","embeddable":true,"href":"https:\/\/pasaenmendoza.com\/index.php?rest_route=%2Fwp%2Fv2%2Fcategories&post=14141"},{"taxonomy":"post_tag","embeddable":true,"href":"https:\/\/pasaenmendoza.com\/index.php?rest_route=%2Fwp%2Fv2%2Ftags&post=14141"}],"curies":[{"name":"wp","href":"https:\/\/api.w.org\/{rel}","templated":true}]}}