{"id":14147,"date":"2025-08-05T22:31:07","date_gmt":"2025-08-05T20:31:07","guid":{"rendered":"https:\/\/pasaenmendoza.com\/?p=14147"},"modified":"2025-08-05T22:31:08","modified_gmt":"2025-08-05T20:31:08","slug":"la-feria-del-juguete-celebra-el-dia-del-nino-con-nueva-ubicacion-y-mas-de-150-stands","status":"publish","type":"post","link":"https:\/\/pasaenmendoza.com\/?p=14147","title":{"rendered":"La Feria del Juguete celebra el D\u00eda del Ni\u00f1o con nueva ubicaci\u00f3n y m\u00e1s de 150 stands"},"content":{"rendered":"\n<p>La\u00a0<strong>Feria del Juguete<\/strong>, el evento m\u00e1s esperado por las familias mendocinas, anuncia su\u00a0<strong>edici\u00f3n especial D\u00eda del Ni\u00f1o<\/strong>\u00a0del\u00a0<strong>14 al 17 de agosto<\/strong>, con una importante novedad:\u00a0<strong>su regreso al Predio de la Virgen en Guaymall\u00e9n<\/strong>, el lugar donde naci\u00f3 hace varios a\u00f1os y que hoy vuelve a recibirla totalmente renovada.<\/p>\n\n\n\n<figure class=\"wp-block-image\"><img decoding=\"async\" src=\"https:\/\/media.diariouno.com.ar\/p\/9c2fcc4e425b75ebeaab7f308800f2b2\/adjuntos\/298\/imagenes\/009\/601\/0009601515\/1200x0\/smart\/feriantes-02.jpg\" alt=\"Esta edici\u00f3n especial D\u00eda del Ni\u00f1o se realizar\u00e1 del 14 al 17 de agosto.\" title=\"Esta edici\u00f3n especial D\u00eda del Ni\u00f1o se realizar\u00e1 del 14 al 17 de agosto.\"\/><\/figure>\n\n\n\n<p>Esta edici\u00f3n especial D\u00eda del Ni\u00f1o se realizar\u00e1 del 14 al 17 de agosto.<\/p>\n\n\n\n<p>Durante cuatro a\u00f1os consecutivos, la feria se realiz\u00f3 con gran \u00e9xito en el Parque Metropolitano de Maip\u00fa, reuniendo en cada edici\u00f3n a m\u00e1s de&nbsp;<strong>30.000 visitantes<\/strong>. Este a\u00f1o, la&nbsp;<strong>Asociaci\u00f3n Feria del Juguete<\/strong>&nbsp;apuesta por acercarse a\u00fan m\u00e1s a la gente: el&nbsp;<strong>Predio de la Virgen<\/strong>&nbsp;cuenta con una ubicaci\u00f3n estrat\u00e9gica, a pocas cuadras de la Terminal de \u00d3mnibus de la Ciudad de Mendoza y con accesos directos desde el Acceso Sur y Acceso Este, facilitando la llegada de familias de toda la provincia.<\/p>\n\n\n\n<p>La feria ofrecer\u00e1&nbsp;<strong>m\u00e1s de 150 stands<\/strong>&nbsp;de&nbsp;<strong>juguetes, bicicletas, indumentaria, inflables, electr\u00f3nica, espacios gastron\u00f3micos y shows en vivo<\/strong>, consolid\u00e1ndose como un paseo ideal para toda la familia. Adem\u00e1s, se destacan los&nbsp;<strong>precios convenientes<\/strong>&nbsp;y la posibilidad de pagar con&nbsp;<strong>todas las formas de pago<\/strong>, manteniendo el sello de una organizaci\u00f3n seria, segura y de confianza.<\/p>\n\n\n\n<h2 class=\"wp-block-heading\">Convocatoria para feriantes<\/h2>\n\n\n\n<p>A\u00fan hay espacios disponibles para&nbsp;<strong>feriantes y comerciantes<\/strong>&nbsp;que deseen ser parte de esta experiencia \u00fanica.<\/p>\n\n\n\n<p><strong>Tel\u00e9fono de contacto:<\/strong>\u00a02612 07-8498<\/p>\n\n\n\n<h2 class=\"wp-block-heading\">Cronograma de la Feria<\/h2>\n\n\n\n<ul>\n<li><strong>Jueves 14 de agosto<\/strong>: Armado de la feria y apertura oficial a las 13 hs. Actividad continua hasta la 1 am.<\/li>\n\n\n\n<li><strong>&nbsp;Viernes 15 de agosto<\/strong>: Apertura a las 10 hs, con actividad hasta las 2 am.<\/li>\n\n\n\n<li><strong>&nbsp;S\u00e1bado 16 de agosto<\/strong>: Apertura a las 10 hs, con actividad hasta las 3 am.<\/li>\n\n\n\n<li><strong>\u00a0Domingo 17 de agosto<\/strong>: Apertura a las 10 hs, cierre a las 17 hs.<\/li>\n<\/ul>\n\n\n\n<h2 class=\"wp-block-heading\">Organiza e invita<\/h2>\n\n\n\n<p>La feria es organizada por la&nbsp;<strong>Asociaci\u00f3n Feria del Juguete<\/strong>&nbsp;y cuenta con la invitaci\u00f3n especial de la&nbsp;<strong>Municipalidad de Guaymall\u00e9n<\/strong>, que respalda el desarrollo de eventos familiares seguros y de calidad.<\/p>\n\n\n\n<p><strong>M\u00e1s novedades:<\/strong><\/p>\n\n\n\n<p>Segu\u00ed todas las noticias de la feria en sus redes sociales:<\/p>\n\n\n\n<ul>\n<li><strong>Instagram:<\/strong>\u00a0@feriadeljuguete.mza<\/li>\n\n\n\n<li><strong>\u00a0Facebook:<\/strong>\u00a0Feria del Juguete Mendoza<\/li>\n<\/ul>\n\n\n\n<p><strong>Fuente: www.diariouno.com.ar<\/strong><\/p>\n","protected":false},"excerpt":{"rendered":"<p>La\u00a0Feria del Juguete, el evento m\u00e1s esperado por las familias mendocinas, anuncia su\u00a0edici\u00f3n especial D\u00eda del Ni\u00f1o\u00a0del\u00a014 al 17 de agosto, con una importante novedad:\u00a0su regreso al Predio de la Virgen en Guaymall\u00e9n, el lugar donde naci\u00f3 hace varios a\u00f1os y que hoy vuelve a recibirla totalmente renovada. Esta edici\u00f3n especial D\u00eda del Ni\u00f1o se [&hellip;]<\/p>\n","protected":false},"author":2,"featured_media":14148,"comment_status":"open","ping_status":"open","sticky":false,"template":"","format":"standard","meta":[],"categories":[50],"tags":[],"_links":{"self":[{"href":"https:\/\/pasaenmendoza.com\/index.php?rest_route=\/wp\/v2\/posts\/14147"}],"collection":[{"href":"https:\/\/pasaenmendoza.com\/index.php?rest_route=\/wp\/v2\/posts"}],"about":[{"href":"https:\/\/pasaenmendoza.com\/index.php?rest_route=\/wp\/v2\/types\/post"}],"author":[{"embeddable":true,"href":"https:\/\/pasaenmendoza.com\/index.php?rest_route=\/wp\/v2\/users\/2"}],"replies":[{"embeddable":true,"href":"https:\/\/pasaenmendoza.com\/index.php?rest_route=%2Fwp%2Fv2%2Fcomments&post=14147"}],"version-history":[{"count":1,"href":"https:\/\/pasaenmendoza.com\/index.php?rest_route=\/wp\/v2\/posts\/14147\/revisions"}],"predecessor-version":[{"id":14149,"href":"https:\/\/pasaenmendoza.com\/index.php?rest_route=\/wp\/v2\/posts\/14147\/revisions\/14149"}],"wp:featuredmedia":[{"embeddable":true,"href":"https:\/\/pasaenmendoza.com\/index.php?rest_route=\/wp\/v2\/media\/14148"}],"wp:attachment":[{"href":"https:\/\/pasaenmendoza.com\/index.php?rest_route=%2Fwp%2Fv2%2Fmedia&parent=14147"}],"wp:term":[{"taxonomy":"category","embeddable":true,"href":"https:\/\/pasaenmendoza.com\/index.php?rest_route=%2Fwp%2Fv2%2Fcategories&post=14147"},{"taxonomy":"post_tag","embeddable":true,"href":"https:\/\/pasaenmendoza.com\/index.php?rest_route=%2Fwp%2Fv2%2Ftags&post=14147"}],"curies":[{"name":"wp","href":"https:\/\/api.w.org\/{rel}","templated":true}]}}