{"id":14150,"date":"2025-08-05T22:35:16","date_gmt":"2025-08-05T20:35:16","guid":{"rendered":"https:\/\/pasaenmendoza.com\/?p=14150"},"modified":"2025-08-05T22:35:17","modified_gmt":"2025-08-05T20:35:17","slug":"pulseada-entre-supermercados-y-la-industria-alimenticia-para-evitar-la-suba-de-precios-en-la-gondola","status":"publish","type":"post","link":"https:\/\/pasaenmendoza.com\/?p=14150","title":{"rendered":"Pulseada entre supermercados y la industria alimenticia para evitar la suba de precios en la g\u00f3ndola"},"content":{"rendered":"\n<p>El temido impacto en la\u00a0<strong>inflaci\u00f3n<\/strong>\u00a0de la\u00a0<strong>disparada del d\u00f3lar<\/strong>, que acumul\u00f3\u00a0<strong>10% en julio<\/strong>, ya se puede ver. Algunas cadenas empezaron a recibir\u00a0<strong>listas de precios<\/strong>\u00a0con\u00a0<strong>subas<\/strong>\u00a0de\u00a0<strong>hasta 6%<\/strong>\u00a0en productos de\u00a0<strong>importaci\u00f3n<\/strong>\u00a0para estrenar agosto.<\/p>\n\n\n\n<p>Mientras apuestan a negociar con las grandes marcas proveedoras (y formadoras de precios), sobre todo las alimenticias de capitales nacionales, el caso de los&nbsp;<strong>productos importados<\/strong>&nbsp;sigue otro curso.<\/p>\n\n\n\n<p>Es el&nbsp;<strong>&#8220;lado B&#8221; de la importaci\u00f3n<\/strong>. Si bien el gobierno nacional insiste en que la apertura trae competencia y con ella mejores precios, la peor parte para el consumidor es que, cuando el d\u00f3lar sube, hay un inevitable&nbsp;<strong>&#8220;pass through&#8221;&nbsp;<\/strong>(traslado) a la g\u00f3ndola.<\/p>\n\n\n\n<p>Productos de&nbsp;<strong>higiene<\/strong>&nbsp;personal,&nbsp;<strong>limpieza<\/strong>&nbsp;y algunos&nbsp;<strong>alimentos<\/strong>&nbsp;son algunos de los ejemplos del impacto en el bolsillo que pueden reflejarse en la inflaci\u00f3n de agosto. Es decir, la canasta que toma el IPC (\u00cdndice de Precios al Consumidor).<\/p>\n\n\n\n<h2 class=\"wp-block-heading\">Importaci\u00f3n: d\u00f3lar arriba, precios tambi\u00e9n<\/h2>\n\n\n\n<p>Pese a que afloj\u00f3 levemente su cotizaci\u00f3n el primer lunes de agosto, la inercia del d\u00f3lar hizo que ya el&nbsp;<strong>viernes 1&nbsp;<\/strong>las empresas empezaran a&nbsp;<strong>recalcular sus precios<\/strong>. Y a empezar a comunicar nuevas listas a sus clientes.<\/p>\n\n\n\n<p>&#8220;Es inevitable, cuando sube el d\u00f3lar el&nbsp;<strong>traslado a precios es de pr\u00e1cticamente la mitad&nbsp;<\/strong>o m\u00e1s. Los productos importados no tienen componentes ni intervenci\u00f3n local&#8221;, asegur\u00f3&nbsp;<strong>Rub\u00e9n David<\/strong>, propietario del mayorista que lleva su apellido.<\/p>\n\n\n\n<p>Entre grandes marcas y jugadores de peso en el rubro alimenticio evitan, por ahora, pronunciarse o justificar tales decisiones.<\/p>\n\n\n\n<p>Lo cierto es que varias firmas de distintos rubros son parte de la ola. Por mencionar algunas, la reconocida marca de pastas dent\u00edfricas Colgate, como tambi\u00e9n multinacionales con presencia tanto en&nbsp;<strong>limpieza, higiene y alimentos<\/strong>.<\/p>\n\n\n\n<p>Es el caso de\u00a0<strong>Johnson&amp;Johnson<\/strong>\u00a0(sobre todo en champ\u00faes y jabones) como tambi\u00e9n\u00a0<strong>Unilever<\/strong>, diversificada entre alimentos e higiene con distintas l\u00edneas.<\/p>\n\n\n\n<p>El gigante de origen suizo&nbsp;<strong>Nestl\u00e9<\/strong>&nbsp;es otro de los casos que decidi\u00f3 trasladar a sus clientes, a su medida, la incidencia del tipo de cambio en sus costos. Tambi\u00e9n empez\u00f3 a reflejarse en productos&nbsp;<strong>enlatados, como at\u00fan&nbsp;<\/strong>y algunas marcas de&nbsp;<strong>frutas.<\/strong><\/p>\n\n\n\n<h2 class=\"wp-block-heading\">Nacionales, con inflaci\u00f3n en &#8220;sinton\u00eda fina&#8221;<\/h2>\n\n\n\n<p>El martes es, para algunos referentes de sector retailer en Mendoza, un d\u00eda para &#8220;ver que pasa&#8221; con los productos de origen nacional que no est\u00e1n&nbsp;<strong>dolarizados<\/strong>. Y que, se sabe, suelen entrar en la misma bolsa con aumentos &#8220;por las dudas&#8221;.<\/p>\n\n\n\n<p>La semana arranc\u00f3 con aproximaciones, listas preliminares con&nbsp;<strong>ajustes de entre 3% y 9%<\/strong>. Incluso, admiten las partes, con idas y vueltas, y motivos que&nbsp;<strong>no en todos los casos<\/strong>&nbsp;se asocian a la&nbsp;<strong>devaluaci\u00f3n<\/strong>&nbsp;o el movimiento del tipo de cambio.<\/p>\n\n\n\n<p>Algunos, aseguran, mantuvieron inamovibles sus&nbsp;<strong>listas los \u00faltimos 3 meses<\/strong>. Por eso, son prudentes y evitan declaraciones ante la chance de poder&nbsp;<strong>negociar con sus proveedores&nbsp;<\/strong>algo acorde a los dif\u00edciles tiempos que corren.<\/p>\n\n\n\n<p><strong>Molinos<\/strong>\u00a0fue uno de los casos de grupos argentinos que ya notific\u00f3\u00a0<strong>subas promedio de 5,2%<\/strong>, pero ofrece acciones. Y no ser\u00eda la primera vez que algunos supermercados\u00a0rechazaran listas de precio nuevas, como cuando termin\u00f3 el cepo al d\u00f3lar.<\/p>\n\n\n\n<p>Son las conocidas\u00a0<strong>&#8220;promos&#8221;<\/strong>\u00a0que ayuden a suavizar el antip\u00e1tico efecto de un aumento. Y buscar, aseguran entre las partes, un delicado equilibrio en tiempos en que el consumo no repunta.<\/p>\n\n\n\n<p><strong>Fuente: www.diariouno.com.ar<\/strong><\/p>\n","protected":false},"excerpt":{"rendered":"<p>El temido impacto en la\u00a0inflaci\u00f3n\u00a0de la\u00a0disparada del d\u00f3lar, que acumul\u00f3\u00a010% en julio, ya se puede ver. Algunas cadenas empezaron a recibir\u00a0listas de precios\u00a0con\u00a0subas\u00a0de\u00a0hasta 6%\u00a0en productos de\u00a0importaci\u00f3n\u00a0para estrenar agosto. Mientras apuestan a negociar con las grandes marcas proveedoras (y formadoras de precios), sobre todo las alimenticias de capitales nacionales, el caso de los&nbsp;productos importados&nbsp;sigue otro curso. [&hellip;]<\/p>\n","protected":false},"author":2,"featured_media":14151,"comment_status":"open","ping_status":"open","sticky":false,"template":"","format":"standard","meta":[],"categories":[79],"tags":[],"_links":{"self":[{"href":"https:\/\/pasaenmendoza.com\/index.php?rest_route=\/wp\/v2\/posts\/14150"}],"collection":[{"href":"https:\/\/pasaenmendoza.com\/index.php?rest_route=\/wp\/v2\/posts"}],"about":[{"href":"https:\/\/pasaenmendoza.com\/index.php?rest_route=\/wp\/v2\/types\/post"}],"author":[{"embeddable":true,"href":"https:\/\/pasaenmendoza.com\/index.php?rest_route=\/wp\/v2\/users\/2"}],"replies":[{"embeddable":true,"href":"https:\/\/pasaenmendoza.com\/index.php?rest_route=%2Fwp%2Fv2%2Fcomments&post=14150"}],"version-history":[{"count":1,"href":"https:\/\/pasaenmendoza.com\/index.php?rest_route=\/wp\/v2\/posts\/14150\/revisions"}],"predecessor-version":[{"id":14152,"href":"https:\/\/pasaenmendoza.com\/index.php?rest_route=\/wp\/v2\/posts\/14150\/revisions\/14152"}],"wp:featuredmedia":[{"embeddable":true,"href":"https:\/\/pasaenmendoza.com\/index.php?rest_route=\/wp\/v2\/media\/14151"}],"wp:attachment":[{"href":"https:\/\/pasaenmendoza.com\/index.php?rest_route=%2Fwp%2Fv2%2Fmedia&parent=14150"}],"wp:term":[{"taxonomy":"category","embeddable":true,"href":"https:\/\/pasaenmendoza.com\/index.php?rest_route=%2Fwp%2Fv2%2Fcategories&post=14150"},{"taxonomy":"post_tag","embeddable":true,"href":"https:\/\/pasaenmendoza.com\/index.php?rest_route=%2Fwp%2Fv2%2Ftags&post=14150"}],"curies":[{"name":"wp","href":"https:\/\/api.w.org\/{rel}","templated":true}]}}