{"id":14153,"date":"2025-08-05T22:40:01","date_gmt":"2025-08-05T20:40:01","guid":{"rendered":"https:\/\/pasaenmendoza.com\/?p=14153"},"modified":"2025-08-05T22:40:02","modified_gmt":"2025-08-05T20:40:02","slug":"el-peronismo-mendocino-rechazo-el-veto-presidencial-de-milei-al-aumento-en-las-jubilaciones","status":"publish","type":"post","link":"https:\/\/pasaenmendoza.com\/?p=14153","title":{"rendered":"El peronismo mendocino rechaz\u00f3 el veto presidencial de Milei al aumento en las jubilaciones"},"content":{"rendered":"\n<p>Formalizado el veto al aumento de las\u00a0<strong>jubilaciones<\/strong> que hab\u00eda aprobado el Congreso, desde distintos sectores de la oposici\u00f3n salieron a expresarse en contra y entre quienes lo hicieron estuvo el<strong>\u00a0Partido Justicialista\u00a0<\/strong>de Mendoza.<\/p>\n\n\n\n<p>Con la firma del presidente de este espacio,<strong>&nbsp;Emir F\u00e9lix,<\/strong>&nbsp;fue difundido en las \u00faltimas horas un comunicado en el que reclamaron contra las decisiones del presidente Javier Milei que afectan a jubilados y personas con discapacidad.<\/p>\n\n\n\n<p>En el documento el peronismo reafirm\u00f3 que sus tres diputados nacionales\u00a0<strong>-Adolfo Bermejo, Mart\u00edn Aveiro y Liliana Paponet-\u00a0<\/strong>sostendr\u00e1n el voto en contra del veto presidencial e inst\u00f3 sin nombrarlos espec\u00edficamente a los legisladores de otras fuerzas a que &#8220;no cambien&#8221; sus posturas.<\/p>\n\n\n\n<figure class=\"wp-block-image\"><img decoding=\"async\" src=\"https:\/\/media.diariouno.com.ar\/p\/de594210617d34856f6356fee7d68ce0\/adjuntos\/298\/imagenes\/009\/601\/0009601216\/1200x0\/smart\/comunicado-pj-mendoza.jpg\" alt=\"\" title=\"\"\/><\/figure>\n\n\n\n<h2 class=\"wp-block-heading\">Lo que dijo el PJ de Mendoza<\/h2>\n\n\n\n<p>El breve comunicado del peronismo mendocino dice textualmente: &#8220;Nuestros jubilados y personas con discapacidad no producen inflaci\u00f3n. Los justicialistas de Mendoza defendemos su dignidad y sus derechos. Rechazamos el veto que les quita el aumento y las mejoras que el Congreso aprob\u00f3. Nuestros diputados sostendr\u00e1n su voto con firmeza.Les pedimos a legisladores de otras fuerzas, que no se opusieron a la ley, que ahora no cambien su voto por un negocio electoral&#8221;.<\/p>\n\n\n\n<p>A principios de junio cuando en Diputados fue aprobado el aumento a los jubilados\u00a0adem\u00e1s de los tres peronistas otros dos legisladores de Mendoza votaron a favor:\u00a0el radical\u00a0<strong>Julio Cobos\u00a0<\/strong>y la ex libertaria\u00a0<strong>Lourdes Arrieta,<\/strong>\u00a0ahora perteneciente al espacio denominado Transformaci\u00f3n.<\/p>\n\n\n\n<p>Los que se manifestaron en contra fueron los oficialistas&nbsp;<strong>Facundo Correa Llano, Mercedes Llano y \u00c1lvaro Mart\u00ednez<\/strong>. Tambi\u00e9n lo hicieron los otros dos radicales &#8211;<strong>Lisandro Nieri y Pamela Verasay-.<\/strong><\/p>\n\n\n\n<p>Pero en 2024 cuando en la C\u00e1mara Baja del Congreso se trat\u00f3 el primer veto de Milei a la movilidad jubilatoria,\u00a0los votos mendocinos no fueron iguales a los de este a\u00f1o. En esa ocasi\u00f3n los peronistas y los radicales votaron en contra de la decisi\u00f3n del presidente y los tres libertarios lo hicieron a favor. En esa ocasi\u00f3n Arrieta se abstuvo.<\/p>\n\n\n\n<p>No se sabe a\u00fan si el nuevo veto ser\u00e1 tratado esta semana porque la oposici\u00f3n no quiere habilitar el debate si no tiene la seguridad de que reunir\u00e1 los dos tercios de los votos necesarios para voltear el decreto de\u00a0<strong>Javier Milei.<\/strong><\/p>\n\n\n\n<p><strong>Fuente: www.diariouno.com.ar<\/strong><\/p>\n","protected":false},"excerpt":{"rendered":"<p>Formalizado el veto al aumento de las\u00a0jubilaciones que hab\u00eda aprobado el Congreso, desde distintos sectores de la oposici\u00f3n salieron a expresarse en contra y entre quienes lo hicieron estuvo el\u00a0Partido Justicialista\u00a0de Mendoza. Con la firma del presidente de este espacio,&nbsp;Emir F\u00e9lix,&nbsp;fue difundido en las \u00faltimas horas un comunicado en el que reclamaron contra las decisiones [&hellip;]<\/p>\n","protected":false},"author":2,"featured_media":14154,"comment_status":"open","ping_status":"open","sticky":false,"template":"","format":"standard","meta":[],"categories":[47],"tags":[],"_links":{"self":[{"href":"https:\/\/pasaenmendoza.com\/index.php?rest_route=\/wp\/v2\/posts\/14153"}],"collection":[{"href":"https:\/\/pasaenmendoza.com\/index.php?rest_route=\/wp\/v2\/posts"}],"about":[{"href":"https:\/\/pasaenmendoza.com\/index.php?rest_route=\/wp\/v2\/types\/post"}],"author":[{"embeddable":true,"href":"https:\/\/pasaenmendoza.com\/index.php?rest_route=\/wp\/v2\/users\/2"}],"replies":[{"embeddable":true,"href":"https:\/\/pasaenmendoza.com\/index.php?rest_route=%2Fwp%2Fv2%2Fcomments&post=14153"}],"version-history":[{"count":1,"href":"https:\/\/pasaenmendoza.com\/index.php?rest_route=\/wp\/v2\/posts\/14153\/revisions"}],"predecessor-version":[{"id":14155,"href":"https:\/\/pasaenmendoza.com\/index.php?rest_route=\/wp\/v2\/posts\/14153\/revisions\/14155"}],"wp:featuredmedia":[{"embeddable":true,"href":"https:\/\/pasaenmendoza.com\/index.php?rest_route=\/wp\/v2\/media\/14154"}],"wp:attachment":[{"href":"https:\/\/pasaenmendoza.com\/index.php?rest_route=%2Fwp%2Fv2%2Fmedia&parent=14153"}],"wp:term":[{"taxonomy":"category","embeddable":true,"href":"https:\/\/pasaenmendoza.com\/index.php?rest_route=%2Fwp%2Fv2%2Fcategories&post=14153"},{"taxonomy":"post_tag","embeddable":true,"href":"https:\/\/pasaenmendoza.com\/index.php?rest_route=%2Fwp%2Fv2%2Ftags&post=14153"}],"curies":[{"name":"wp","href":"https:\/\/api.w.org\/{rel}","templated":true}]}}