{"id":14156,"date":"2025-08-05T22:44:59","date_gmt":"2025-08-05T20:44:59","guid":{"rendered":"https:\/\/pasaenmendoza.com\/?p=14156"},"modified":"2025-08-05T22:45:00","modified_gmt":"2025-08-05T20:45:00","slug":"alfredo-cornejo-confirmo-que-el-parque-solar-anchoris-ya-comenzo-a-despachar-energia","status":"publish","type":"post","link":"https:\/\/pasaenmendoza.com\/?p=14156","title":{"rendered":"Alfredo Cornejo confirm\u00f3 que el parque solar Anchoris ya comenz\u00f3 a despachar energ\u00eda"},"content":{"rendered":"\n<p>El\u00a0<strong>parque solar\u00a0Anchoris<\/strong>, ubicado en el desierto de Luj\u00e1n de Cuyo, comenz\u00f3 a despachar energ\u00eda al sistema nacional. As\u00ed lo anunciaron desde Buenos Aires el gobernador de Mendoza, Alfredo Cornejo, y el CEO de Genneia, Bernardo Andrews. La inversi\u00f3n es de 160 millones de d\u00f3lares.<\/p>\n\n\n\n<p>Su participaci\u00f3n en el foro &#8220;AmCham Energy Forum: Argentina competitiva en la matriz energ\u00e9tica global&#8221; sirvi\u00f3 para dar a conocer que, tras ser autorizado por Cammesa, este<strong>\u00a0parque solar\u00a0<\/strong>ubicado en Mendoza sumar\u00e1 180 MW a la red nacional, con una capacidad anual equivalente al consumo de 125.000 hogares.<\/p>\n\n\n\n<p>La&nbsp;<strong>inversi\u00f3n<\/strong>&nbsp;total es de 160 millones de d\u00f3lares. El parque est\u00e1 equipado con 360.000 m\u00f3dulos solares bifaciales de \u00faltima generaci\u00f3n, capaces de producir 497.000 MWh, evitando la emisi\u00f3n de m\u00e1s de 220.000 toneladas de di\u00f3xido de carbono.<\/p>\n\n\n\n<p>La&nbsp;<strong>habilitaci\u00f3n comercial<\/strong>&nbsp;se confirm\u00f3 este lunes.<\/p>\n\n\n\n<h2 class=\"wp-block-heading\">Otro parque solar para el plan estrat\u00e9gico de Mendoza<\/h2>\n\n\n\n<p>El gobernador Cornejo asegur\u00f3 que este emprendimiento forma parte de una estrategia integral de la provincia: \u201cEste&nbsp;<strong>parque solar<\/strong>&nbsp;tiene una producci\u00f3n de 180 megas y a partir de hoy ya est\u00e1 despachando comercialmente. Es parte de un plan estrat\u00e9gico de Mendoza que tiene que ver con la transici\u00f3n energ\u00e9tica\u201d.<\/p>\n\n\n\n<p>Dentro de ese plan, el objetivo es que los\u00a0<strong>generadores de energ\u00eda<\/strong>\u00a0sean empresas privadas: &#8220;Los parques solares en Mendoza son de inversi\u00f3n privada.\u00a0YPF Luz est\u00e1 a punto de terminar un proyecto, que est\u00e1 en el primer grupo aprobado en el RIGI, y\u00a0<strong>Genneia<\/strong>\u00a0va para el segundo, con vistas al tercero, porque tiene otro en Malarg\u00fce despachando ya, aunque m\u00e1s chico\u201d, detall\u00f3.<\/p>\n\n\n\n<p>Sin nombrarlas, se diferenci\u00f3 as\u00ed de otras provincias \u2013como San Juan- que \u201clo hacen con empresas estatales o con garant\u00eda del Estado nacional y ninguno de esos proyectos est\u00e1 en el\u00a0<strong>RIGI<\/strong>, como en este caso\u201d.<\/p>\n\n\n\n<p>La proyecci\u00f3n que realiza Cornejo es que, para el 2027, Mendoza habr\u00e1 duplicado su capacidad de&nbsp;<strong>generaci\u00f3n de energ\u00eda<\/strong>&nbsp;respecto a 2015: &#8220;Vamos a estar en 3.700 megas, cuando al inicio de 2015 est\u00e1bamos en 1.400\u201d.<\/p>\n\n\n\n<h2 class=\"wp-block-heading\">El RIGI para inversiones en proyectos de energ\u00edas renovables<\/h2>\n\n\n\n<p>El&nbsp;<strong>CEO de Genneia<\/strong>&nbsp;puso en valor el impacto que tiene el R\u00e9gimen de Incentivo a las Grandes Inversiones (<strong>RIGI<\/strong>) en la percepci\u00f3n de los inversores, aunque tambi\u00e9n se\u00f1al\u00f3 sus limitaciones para el desarrollo de proyectos de generaci\u00f3n renovable.<\/p>\n\n\n\n<p>\u201cEl tema del RIGI es una bocanada muy fuerte de credibilidad para los inversores que tienen que soportar inversiones en escala a largo plazo\u201d, afirm\u00f3.<\/p>\n\n\n\n<p>Sin embargo, el empresario advirti\u00f3 que \u201cel gran problema que tenemos son los cuellos de botella de transmisi\u00f3n. Si uno piensa en la escala que el RIGI requiere como inversi\u00f3n m\u00ednima, es muy dif\u00edcil encontrar un nodo en la Rep\u00fablica Argentina que permita despachar conjuntamente toda esa energ\u00eda. Esa ha sido la gran limitaci\u00f3n y,&nbsp;<strong>en nuestra industria, el RIGI no representa beneficios directos<\/strong>, al menos no lo vemos as\u00ed\u201d.<\/p>\n\n\n\n<p>Andrews plante\u00f3 que el&nbsp;<strong>RIGI<\/strong>&nbsp;podr\u00eda ser una herramienta \u00fatil si se piensa&nbsp;<strong>en grandes obras de transmisi\u00f3n<\/strong>&nbsp;y dijo que \u201cah\u00ed soy m\u00e1s optimista respecto de la capacidad de asociar gran escala con necesidades de darle a los inversores y financiadores certezas a largo plazo sobre la estabilidad de los marcos regulatorios\u201d.<\/p>\n\n\n\n<h2 class=\"wp-block-heading\">El transporte de energ\u00eda, con inversi\u00f3n p\u00fablica<\/h2>\n\n\n\n<p>Si bien Mendoza tiende a que la totalidad de la inversi\u00f3n en materia de&nbsp;<strong>energ\u00eda<\/strong>&nbsp;sea privada, las obras del&nbsp;<strong>transporte<\/strong>&nbsp;de la misma han tenido que realizarse con recursos p\u00fablicos.<\/p>\n\n\n\n<p>\u201cEn el transporte estamos haciendo inversi\u00f3n estatal. Tenemos&nbsp;<strong>cuatro proyectos en licitaci\u00f3n<\/strong>&nbsp;y&nbsp;<strong>en construcci\u00f3n<\/strong>, que apuntan a resolver cuellos de botella, pero es obvio que nos quedamos cortos, porque Mendoza no es todo el pa\u00eds\u201d, se\u00f1al\u00f3.<\/p>\n\n\n\n<h2 class=\"wp-block-heading\">Exportaci\u00f3n de energ\u00eda a Chile<\/h2>\n\n\n\n<p>El gobernador advirti\u00f3 que es necesario fortalecer la integraci\u00f3n del sistema para aprovechar oportunidades de exportaci\u00f3n: \u201cEstamos interconectados, pero quisi\u00e9ramos estar mucho m\u00e1s abiertos a\u00fan, por ejemplo, para poder&nbsp;<strong>vender energ\u00eda a Chile<\/strong>, cosa que hoy no es posible\u201d.<\/p>\n\n\n\n<p>Quien tiene la competencia en ese caso es el gobierno nacional, con quien\u00a0<strong>Alfredo Cornejo<\/strong>\u00a0deber\u00e1 seguir insistiendo.<\/p>\n\n\n\n<p><strong>Fuente: www.diariouno.com.ar<\/strong><\/p>\n","protected":false},"excerpt":{"rendered":"<p>El\u00a0parque solar\u00a0Anchoris, ubicado en el desierto de Luj\u00e1n de Cuyo, comenz\u00f3 a despachar energ\u00eda al sistema nacional. As\u00ed lo anunciaron desde Buenos Aires el gobernador de Mendoza, Alfredo Cornejo, y el CEO de Genneia, Bernardo Andrews. La inversi\u00f3n es de 160 millones de d\u00f3lares. Su participaci\u00f3n en el foro &#8220;AmCham Energy Forum: Argentina competitiva en [&hellip;]<\/p>\n","protected":false},"author":2,"featured_media":14157,"comment_status":"open","ping_status":"open","sticky":false,"template":"","format":"standard","meta":[],"categories":[47],"tags":[],"_links":{"self":[{"href":"https:\/\/pasaenmendoza.com\/index.php?rest_route=\/wp\/v2\/posts\/14156"}],"collection":[{"href":"https:\/\/pasaenmendoza.com\/index.php?rest_route=\/wp\/v2\/posts"}],"about":[{"href":"https:\/\/pasaenmendoza.com\/index.php?rest_route=\/wp\/v2\/types\/post"}],"author":[{"embeddable":true,"href":"https:\/\/pasaenmendoza.com\/index.php?rest_route=\/wp\/v2\/users\/2"}],"replies":[{"embeddable":true,"href":"https:\/\/pasaenmendoza.com\/index.php?rest_route=%2Fwp%2Fv2%2Fcomments&post=14156"}],"version-history":[{"count":1,"href":"https:\/\/pasaenmendoza.com\/index.php?rest_route=\/wp\/v2\/posts\/14156\/revisions"}],"predecessor-version":[{"id":14158,"href":"https:\/\/pasaenmendoza.com\/index.php?rest_route=\/wp\/v2\/posts\/14156\/revisions\/14158"}],"wp:featuredmedia":[{"embeddable":true,"href":"https:\/\/pasaenmendoza.com\/index.php?rest_route=\/wp\/v2\/media\/14157"}],"wp:attachment":[{"href":"https:\/\/pasaenmendoza.com\/index.php?rest_route=%2Fwp%2Fv2%2Fmedia&parent=14156"}],"wp:term":[{"taxonomy":"category","embeddable":true,"href":"https:\/\/pasaenmendoza.com\/index.php?rest_route=%2Fwp%2Fv2%2Fcategories&post=14156"},{"taxonomy":"post_tag","embeddable":true,"href":"https:\/\/pasaenmendoza.com\/index.php?rest_route=%2Fwp%2Fv2%2Ftags&post=14156"}],"curies":[{"name":"wp","href":"https:\/\/api.w.org\/{rel}","templated":true}]}}