{"id":14163,"date":"2025-08-06T23:09:35","date_gmt":"2025-08-06T21:09:35","guid":{"rendered":"https:\/\/pasaenmendoza.com\/?p=14163"},"modified":"2025-08-06T23:09:36","modified_gmt":"2025-08-06T21:09:36","slug":"no-es-viento-zonda-las-rafagas-en-mendoza-que-anticipan-un-importante-cambio-de-temperatura","status":"publish","type":"post","link":"https:\/\/pasaenmendoza.com\/?p=14163","title":{"rendered":"No es viento Zonda: las r\u00e1fagas en Mendoza que anticipan un importante cambio de temperatura"},"content":{"rendered":"\n<p>Muchos mendocinos se alertaron ante las fuertes r\u00e1fagas que soplaron desde la media ma\u00f1ana de este mi\u00e9rcoles y creyeron que se trataba de\u00a0<strong>viento Zonda<\/strong>. En realidad es lo que traer\u00e1 un gran cambio en las condiciones del tiempo y un jueves muy diferente.<\/p>\n\n\n\n<p>Fuertes r\u00e1fagas acompa\u00f1adas de polvo se sintieron en varias zonas de la provincia, lo que provoc\u00f3 que muchos se preguntaran si era\u00a0<strong>viento Zonda<\/strong>, y si habr\u00eda suspensi\u00f3n de clases.<\/p>\n\n\n\n<p>Pero es todo lo contrario: se trata de&nbsp;<strong>viento&nbsp;<\/strong>del sureste con r\u00e1fagas que promediaron los 30 kil\u00f3metros por hora y que anticipa un marcado cambio en las temperatura para el jueves.<\/p>\n\n\n\n<h2 class=\"wp-block-heading\">No es viento Zonda<\/h2>\n\n\n\n<p>El&nbsp;<strong>pron\u00f3stico del tiempo<\/strong>&nbsp;indic\u00f3 que luego del ingreso de este viento del sureste que alarm\u00f3 a los que pensaron que podr\u00eda ser&nbsp;<strong>Zonda<\/strong>, provocar\u00e1 un gran cambio.<\/p>\n\n\n\n<p>Desde la noche de este mi\u00e9rcoles el cielo se nublar\u00e1 y podr\u00eda haber\u00a0<strong>lloviznas\u00a0<\/strong>en zonas del Gran Mendoza que se extender\u00edan hacia la madrugada del jueves, seg\u00fan indic\u00f3 el doctor en meteorolog\u00eda Maximiliano Viale.<\/p>\n\n\n\n<p>Adem\u00e1s que ser\u00e1 un&nbsp;<strong>d\u00eda gris<\/strong>, este viento provocar\u00e1 un marcado descenso de la temperatura para ma\u00f1ana con una m\u00ednima de 7 grados, mientras que la m\u00e1xima no superar\u00eda los 12 grados.<\/p>\n\n\n\n<p>Lejos est\u00e1, por el momento, la probabilidad de\u00a0<strong>viento Zonda<\/strong>\u00a0en Mendoza.<\/p>\n\n\n\n<p><strong>Fuente: www.diariouno.com.ar<\/strong><\/p>\n","protected":false},"excerpt":{"rendered":"<p>Muchos mendocinos se alertaron ante las fuertes r\u00e1fagas que soplaron desde la media ma\u00f1ana de este mi\u00e9rcoles y creyeron que se trataba de\u00a0viento Zonda. En realidad es lo que traer\u00e1 un gran cambio en las condiciones del tiempo y un jueves muy diferente. Fuertes r\u00e1fagas acompa\u00f1adas de polvo se sintieron en varias zonas de la [&hellip;]<\/p>\n","protected":false},"author":2,"featured_media":14164,"comment_status":"open","ping_status":"open","sticky":false,"template":"","format":"standard","meta":[],"categories":[52],"tags":[],"_links":{"self":[{"href":"https:\/\/pasaenmendoza.com\/index.php?rest_route=\/wp\/v2\/posts\/14163"}],"collection":[{"href":"https:\/\/pasaenmendoza.com\/index.php?rest_route=\/wp\/v2\/posts"}],"about":[{"href":"https:\/\/pasaenmendoza.com\/index.php?rest_route=\/wp\/v2\/types\/post"}],"author":[{"embeddable":true,"href":"https:\/\/pasaenmendoza.com\/index.php?rest_route=\/wp\/v2\/users\/2"}],"replies":[{"embeddable":true,"href":"https:\/\/pasaenmendoza.com\/index.php?rest_route=%2Fwp%2Fv2%2Fcomments&post=14163"}],"version-history":[{"count":1,"href":"https:\/\/pasaenmendoza.com\/index.php?rest_route=\/wp\/v2\/posts\/14163\/revisions"}],"predecessor-version":[{"id":14165,"href":"https:\/\/pasaenmendoza.com\/index.php?rest_route=\/wp\/v2\/posts\/14163\/revisions\/14165"}],"wp:featuredmedia":[{"embeddable":true,"href":"https:\/\/pasaenmendoza.com\/index.php?rest_route=\/wp\/v2\/media\/14164"}],"wp:attachment":[{"href":"https:\/\/pasaenmendoza.com\/index.php?rest_route=%2Fwp%2Fv2%2Fmedia&parent=14163"}],"wp:term":[{"taxonomy":"category","embeddable":true,"href":"https:\/\/pasaenmendoza.com\/index.php?rest_route=%2Fwp%2Fv2%2Fcategories&post=14163"},{"taxonomy":"post_tag","embeddable":true,"href":"https:\/\/pasaenmendoza.com\/index.php?rest_route=%2Fwp%2Fv2%2Ftags&post=14163"}],"curies":[{"name":"wp","href":"https:\/\/api.w.org\/{rel}","templated":true}]}}