{"id":14169,"date":"2025-08-06T23:17:14","date_gmt":"2025-08-06T21:17:14","guid":{"rendered":"https:\/\/pasaenmendoza.com\/?p=14169"},"modified":"2025-08-06T23:17:14","modified_gmt":"2025-08-06T21:17:14","slug":"subieron-un-21-las-tarifas-de-taxis-y-remises-en-mendoza-como-quedaron-los-valores","status":"publish","type":"post","link":"https:\/\/pasaenmendoza.com\/?p=14169","title":{"rendered":"Subieron un 21% las tarifas de taxis y remises en Mendoza: c\u00f3mo quedaron los valores"},"content":{"rendered":"\n<p>Este mi\u00e9rcoles comenzaron a regir las nuevas tarifas de\u00a0<strong>taxis\u00a0y remises<\/strong>\u00a0en la provincia de\u00a0<strong>Mendoza.<\/strong>\u00a0La mismas representan un\u00a0<strong>aumento<\/strong>\u00a0del 21,11%, tal como se hab\u00eda anunciado en el Bolet\u00edn Oficial hace dos meses, cuando se aplic\u00f3 el primer ajuste del 2025.\u00a0<\/p>\n\n\n\n<p>Los valores vigentes desde esta jornada, como siempre ocurre, difieren en relaci\u00f3n al horario diurno y nocturno (desde las 22 hasta las 5), adem\u00e1s de importes distintos en el&nbsp;<strong>Gran Mendoza<\/strong>&nbsp;y en el resto de las zonas.&nbsp;<\/p>\n\n\n\n<h3 class=\"wp-block-heading\">Todos los importes desde hoy\u00a0<\/h3>\n\n\n\n<figure class=\"wp-block-image\"><img decoding=\"async\" src=\"https:\/\/statics.diariomendoza.com.ar\/2025\/06\/crop\/6842d267258bc__780x780.webp\" alt=\"tarifas de taxis y remises\"\/><figcaption class=\"wp-element-caption\">&nbsp;<\/figcaption><\/figure>\n\n\n\n<figure class=\"wp-block-image\"><img decoding=\"async\" src=\"https:\/\/statics.diariomendoza.com.ar\/2025\/06\/crop\/6842d23e275e3__780x780.webp\" alt=\"tarifas de taxis y remises\"\/><figcaption class=\"wp-element-caption\">&nbsp;<\/figcaption><\/figure>\n\n\n\n<figure class=\"wp-block-image\"><img decoding=\"async\" src=\"https:\/\/statics.diariomendoza.com.ar\/2025\/06\/crop\/6842d220dd30e__780x780.webp\" alt=\"tarifas de taxis y remises\"\/><figcaption class=\"wp-element-caption\">&nbsp;<\/figcaption><\/figure>\n\n\n\n<figure class=\"wp-block-image\"><img decoding=\"async\" src=\"https:\/\/statics.diariomendoza.com.ar\/2025\/06\/crop\/6842d1c19d186__780x780.webp\" alt=\"tarifas de taxis y remises\"\/><figcaption class=\"wp-element-caption\">\u00a0<\/figcaption><\/figure>\n\n\n\n<p><strong>Fuente: www.diariomendoza.com.ar<\/strong><\/p>\n","protected":false},"excerpt":{"rendered":"<p>Este mi\u00e9rcoles comenzaron a regir las nuevas tarifas de\u00a0taxis\u00a0y remises\u00a0en la provincia de\u00a0Mendoza.\u00a0La mismas representan un\u00a0aumento\u00a0del 21,11%, tal como se hab\u00eda anunciado en el Bolet\u00edn Oficial hace dos meses, cuando se aplic\u00f3 el primer ajuste del 2025.\u00a0 Los valores vigentes desde esta jornada, como siempre ocurre, difieren en relaci\u00f3n al horario diurno y nocturno (desde [&hellip;]<\/p>\n","protected":false},"author":2,"featured_media":14171,"comment_status":"open","ping_status":"open","sticky":false,"template":"","format":"standard","meta":[],"categories":[82],"tags":[],"_links":{"self":[{"href":"https:\/\/pasaenmendoza.com\/index.php?rest_route=\/wp\/v2\/posts\/14169"}],"collection":[{"href":"https:\/\/pasaenmendoza.com\/index.php?rest_route=\/wp\/v2\/posts"}],"about":[{"href":"https:\/\/pasaenmendoza.com\/index.php?rest_route=\/wp\/v2\/types\/post"}],"author":[{"embeddable":true,"href":"https:\/\/pasaenmendoza.com\/index.php?rest_route=\/wp\/v2\/users\/2"}],"replies":[{"embeddable":true,"href":"https:\/\/pasaenmendoza.com\/index.php?rest_route=%2Fwp%2Fv2%2Fcomments&post=14169"}],"version-history":[{"count":1,"href":"https:\/\/pasaenmendoza.com\/index.php?rest_route=\/wp\/v2\/posts\/14169\/revisions"}],"predecessor-version":[{"id":14172,"href":"https:\/\/pasaenmendoza.com\/index.php?rest_route=\/wp\/v2\/posts\/14169\/revisions\/14172"}],"wp:featuredmedia":[{"embeddable":true,"href":"https:\/\/pasaenmendoza.com\/index.php?rest_route=\/wp\/v2\/media\/14171"}],"wp:attachment":[{"href":"https:\/\/pasaenmendoza.com\/index.php?rest_route=%2Fwp%2Fv2%2Fmedia&parent=14169"}],"wp:term":[{"taxonomy":"category","embeddable":true,"href":"https:\/\/pasaenmendoza.com\/index.php?rest_route=%2Fwp%2Fv2%2Fcategories&post=14169"},{"taxonomy":"post_tag","embeddable":true,"href":"https:\/\/pasaenmendoza.com\/index.php?rest_route=%2Fwp%2Fv2%2Ftags&post=14169"}],"curies":[{"name":"wp","href":"https:\/\/api.w.org\/{rel}","templated":true}]}}