{"id":1417,"date":"2023-09-13T14:28:17","date_gmt":"2023-09-13T12:28:17","guid":{"rendered":"https:\/\/pasaenmendoza.com\/?p=1417"},"modified":"2023-09-13T14:28:18","modified_gmt":"2023-09-13T12:28:18","slug":"solicitud-de-quiebra-a-fecovita-productores-van-a-la-legislatura-para-apurar-la-accion-de-la-justicia","status":"publish","type":"post","link":"https:\/\/pasaenmendoza.com\/?p=1417","title":{"rendered":"Solicitud de quiebra a Fecovita: productores van a la Legislatura para apurar la acci\u00f3n de la Justicia"},"content":{"rendered":"\n<p>Un grupo de<strong>\u00a0cincuenta productores<\/strong>\u00a0que integran la<strong>\u00a0Federaci\u00f3n de Cooperativas Vitivin\u00edcolas Argentinas (Fecovita)<\/strong>\u00a0ir\u00e1n este mi\u00e9rcoles 13 de septiembre a la sesi\u00f3n de tablas de la\u00a0<strong>C\u00e1mara de Diputados<\/strong>. Es para pedir que se trate en el recinto la\u00a0<strong>solicitud de informaci\u00f3n<\/strong>\u00a0que se elabor\u00f3 en la comisi\u00f3n de<strong>\u00a0Derechos y Garant\u00edas<\/strong>\u00a0y que se convirti\u00f3 en un despacho en conjunto, entre los legisladores tanto oficialistas como de la oposici\u00f3n.<\/p>\n\n\n\n<p>Lo que exige este proyecto, es que<strong>&nbsp;Gloria Esther Cortez, titular del Segundo Juzgado Concursal,<\/strong>&nbsp;<strong>responda por qu\u00e9<\/strong>&nbsp;a\u00fan&nbsp;<strong>no ha resuelto sobre el pedido de quiebra<\/strong>&nbsp;que la empresa espa\u00f1ola Iberte solicit\u00f3&nbsp;<strong>contra Fecovita<\/strong>. Los productores est\u00e1n muy&nbsp;<strong>preocupados&nbsp;<\/strong>porque ya pasaron cuatro meses y no hay avances judiciales al respecto.<\/p>\n\n\n\n<p><strong>Ambas entidades eran socias, pero esta relaci\u00f3n termin\u00f3 en el 2022<\/strong>, dejando una serie de\u00a0<strong>acuerdos incumplidos.<\/strong>\u00a0Estos<strong>\u00a0derivaron en el pedido de quiebra<\/strong>\u00a0por parte de la\u00a0<strong>firma espa\u00f1ola<\/strong>\u00a0y en una\u00a0<strong>denuncia de extorsi\u00f3n\u00a0<\/strong>que\u00a0<strong>Fecovita realiz\u00f3 contra Iberte.<\/strong><\/p>\n\n\n\n<h2 class=\"wp-block-heading\">Por qu\u00e9 Fecovita recurri\u00f3 a Derechos y Garant\u00edas de la Legislatura<\/h2>\n\n\n\n<p><strong>Fecovita present\u00f3 una denuncia por extorsi\u00f3n contra sus exsocios de la empresa exportadora de vinos y mosto Iberte<\/strong>. Esto porque los pedidos de quiebra solicitados en la Justicia Concursal por parte de los espa\u00f1oles le est\u00e1n causando&nbsp;<strong>graves perjuicios<\/strong>&nbsp;a Fecovita.<\/p>\n\n\n\n<p><strong>Entre otras cuestiones, hay bancos con los que la federaci\u00f3n trabaja que les han cerrado el acceso al cr\u00e9dito<\/strong>, como es el caso del Banco San Juan. Tambi\u00e9n<strong>\u00a0se les ha negado<\/strong>\u00a0una serie de\u00a0<strong>beneficios<\/strong>\u00a0<strong>para exportaciones<\/strong>\u00a0a los que se accede a trav\u00e9s del\u00a0<strong>Ministerio de Econom\u00eda de la Naci\u00f3n<\/strong>, pues una de las condiciones para esto es no tener ninguna causa judicial.<\/p>\n\n\n\n<p>Un grupo de socios de Fecovita asisti\u00f3 a la comisi\u00f3n de Derechos y Garant\u00edas la semana pasada. All\u00ed los referentes explicaron que&nbsp;<strong>no han perdido socios, ni se encuentran desfinanciados de ninguna forma<\/strong>, aunque s\u00ed tendr\u00e1n problemas si se le da curso al pedido de quiebra.<\/p>\n\n\n\n<p>En este sentido,<strong>&nbsp;Jos\u00e9 Luis Ram\u00f3n (FDT)<\/strong>, presidente de esta comisi\u00f3n, dijo a&nbsp;<strong>Diario UNO&nbsp;<\/strong>que los&nbsp;<strong>diputados se comprometieron a respaldar a la federaci\u00f3n&nbsp;<\/strong>y que tanto opositores como oficialistas est\u00e1n de acuerdo en esta medida.<\/p>\n\n\n\n<p>Los diputados Ram\u00f3n,\u00a0<strong>Laura Chazarreta<\/strong>\u00a0y\u00a0<strong>Julio Villafa\u00f1e<\/strong>\u00a0del Frente de Todos fueron los autores del proyecto y<strong>\u00a0Evelyn P\u00e9rez<\/strong>\u00a0(UCR),\u00a0<strong>Josefina Canale<\/strong>\u00a0(PD) y\u00a0<strong>Cecilia Rodr\u00edguez<\/strong>\u00a0(UCR), lo firmaron a favor.<\/p>\n\n\n\n<h2 class=\"wp-block-heading\">Por qu\u00e9 se gener\u00f3 el conflicto entre Fecovita e Iberte<\/h2>\n\n\n\n<p><strong>Iberte<\/strong>&nbsp;es una&nbsp;<strong>empresa espa\u00f1ola<\/strong>&nbsp;con&nbsp;<strong>sede en Eslovaquia<\/strong>&nbsp;que<strong>&nbsp;exporta vinos y los comercializa en el Este de Europa y en China<\/strong>. Es propiedad de&nbsp;<strong>Juan Jos\u00e9 Retamero<\/strong>&nbsp;y, en Argentina,&nbsp;<strong>su representante es Guillermo Garc\u00eda<\/strong>, expresidente de Instituto Nacional de Vitivinicultura y exlegislador nacional.<\/p>\n\n\n\n<p>Entre las caras locales de<strong>&nbsp;Iberte&nbsp;<\/strong>se encontraba, adem\u00e1s, la de&nbsp;<strong>Juan Carlos F\u00e1brega<\/strong>, un expresidente del Banco Naci\u00f3n, que asegur\u00f3 ya no ser parte de la firma espa\u00f1ola.<\/p>\n\n\n\n<p>En el&nbsp;<strong>2021,<\/strong>&nbsp;cuando<strong>&nbsp;Fecovita se asoci\u00f3 con la firma espa\u00f1ola<\/strong>,&nbsp;<strong>el<\/strong>&nbsp;<strong>presidente<\/strong>&nbsp;<strong>era<\/strong>&nbsp;<strong>Eduardo Sancho.<\/strong><\/p>\n\n\n\n<p>Por entonces se decidi\u00f3 la creaci\u00f3n de Evisa (Exportadora Vitivin\u00edcola Sociedad An\u00f3nima). Lo que quer\u00edan en\u00a0<strong>Fecovita<\/strong>\u00a0era ampliar su cartera de clientes.<\/p>\n\n\n\n<p>El acuerdo al que llegaron era muy importante: consist\u00eda en que&nbsp;<strong>Fecovita<\/strong>&nbsp;enviara a Europa 30 millones de litros de vino y 10 toneladas de mosto. A su vez, Iberte comercializar\u00eda el vino y el mosto en los pa\u00edses de Europa en donde m\u00e1s llegada comercial tiene y har\u00eda llegar los pagos a la Federaci\u00f3n de Cooperativas.<\/p>\n\n\n\n<p><strong>Pero esto no sucedi\u00f3<\/strong>&nbsp;de la manera acordada:&nbsp;<strong>Marcelo Federici<\/strong>, titular de Fecovita en la actualidad, manifest\u00f3 que desde la entidad que representa pudieron averiguar que los clientes europeos recib\u00edan los pedidos y pagaban en tiempo y forma, pero&nbsp;<strong>Iberte no realizaba el dep\u00f3sito correspondiente en las cuentas de la federaci\u00f3n<\/strong>.<\/p>\n\n\n\n<p><strong>Fecovita adujo,&nbsp;<\/strong>adem\u00e1s, que&nbsp;<strong>Iberte se estaba quedando con sus clientes hist\u00f3ricos&nbsp;<\/strong>en Europa.<\/p>\n\n\n\n<p>Entonces -y tras una asamblea de socios-<strong>&nbsp;Evisa&nbsp;<\/strong>se disolvi\u00f3. Pero a\u00fan hab\u00eda una serie de acuerdos por cumplir<strong>,<\/strong>&nbsp;entre estos, el compromiso de Fecovita de exportar una cantidad de vino y mosto<strong>,<\/strong>&nbsp;que&nbsp;<strong>comenz\u00f3 a enviarse<\/strong>&nbsp;a Europa, pero&nbsp;<strong>luego<\/strong>&nbsp;ese suministro&nbsp;<strong>se cort\u00f3.<\/strong><\/p>\n\n\n\n<p>De<strong>&nbsp;esta cesaci\u00f3n de env\u00edo de la mercader\u00eda pactada es de donde parte la denuncia de quiebra&nbsp;<\/strong>que pidi\u00f3 Iberte.<\/p>\n\n\n\n<p>La versi\u00f3n de Fecovita es que&nbsp;<strong>al no recibir los pagos correspondientes, dejaron de enviar los productos<\/strong>&nbsp;acordados.<\/p>\n\n\n\n<h2 class=\"wp-block-heading\">De qu\u00e9 se trata la denuncia por extorsi\u00f3n<\/h2>\n\n\n\n<p><strong>Seg\u00fan&nbsp;<\/strong><strong>Federici, la empresa espa\u00f1ola Iberte est\u00e1 provocando una maniobra extorsiva<\/strong>&nbsp;que consiste en presentar en tribunales concursales&nbsp;<strong>dos pedidos de quiebra<\/strong>&nbsp;hacia Fecovita.<\/p>\n\n\n\n<p>La versi\u00f3n de Fecovita es que Iberte realiz\u00f3 un pedido de quiebra por 3 millones de d\u00f3lares,&nbsp;<strong>pero ahora reclama por cifras muy superiores.<\/strong><\/p>\n\n\n\n<p><strong>Adem\u00e1s, seg\u00fan el secretario general de la federaci\u00f3n, la<\/strong>&nbsp;<strong>empresa europea&nbsp;<\/strong>se ha encargado de ir&nbsp;<strong>notificando a todo el sistema financiero<\/strong>&nbsp;con el que trabaja Fecovita -a los&nbsp;<strong>auditores,<\/strong>&nbsp;a los<strong>&nbsp;due\u00f1os de las cooperativas<\/strong>&nbsp;y a los&nbsp;<strong>productores-<\/strong>&nbsp;sobre&nbsp;<strong>cu\u00e1l es &#8220;la situaci\u00f3n financiera de la organizaci\u00f3n&#8221;,<\/strong>&nbsp;que por otra parte<strong>&nbsp;-asegur\u00f3 Federici- dista de ser negativa.<\/strong><\/p>\n\n\n\n<p>En suma, lo que Fecovita denuncia es que\u00a0<strong>Iberte busca minar su imagen<\/strong>\u00a0y complicarle el funcionamiento.<\/p>\n\n\n\n<p><strong>Fuente: www.diariouno.com.ar<\/strong><\/p>\n","protected":false},"excerpt":{"rendered":"<p>Un grupo de\u00a0cincuenta productores\u00a0que integran la\u00a0Federaci\u00f3n de Cooperativas Vitivin\u00edcolas Argentinas (Fecovita)\u00a0ir\u00e1n este mi\u00e9rcoles 13 de septiembre a la sesi\u00f3n de tablas de la\u00a0C\u00e1mara de Diputados. Es para pedir que se trate en el recinto la\u00a0solicitud de informaci\u00f3n\u00a0que se elabor\u00f3 en la comisi\u00f3n de\u00a0Derechos y Garant\u00edas\u00a0y que se convirti\u00f3 en un despacho en conjunto, entre los [&hellip;]<\/p>\n","protected":false},"author":2,"featured_media":1418,"comment_status":"open","ping_status":"open","sticky":false,"template":"","format":"standard","meta":[],"categories":[60],"tags":[],"_links":{"self":[{"href":"https:\/\/pasaenmendoza.com\/index.php?rest_route=\/wp\/v2\/posts\/1417"}],"collection":[{"href":"https:\/\/pasaenmendoza.com\/index.php?rest_route=\/wp\/v2\/posts"}],"about":[{"href":"https:\/\/pasaenmendoza.com\/index.php?rest_route=\/wp\/v2\/types\/post"}],"author":[{"embeddable":true,"href":"https:\/\/pasaenmendoza.com\/index.php?rest_route=\/wp\/v2\/users\/2"}],"replies":[{"embeddable":true,"href":"https:\/\/pasaenmendoza.com\/index.php?rest_route=%2Fwp%2Fv2%2Fcomments&post=1417"}],"version-history":[{"count":2,"href":"https:\/\/pasaenmendoza.com\/index.php?rest_route=\/wp\/v2\/posts\/1417\/revisions"}],"predecessor-version":[{"id":1420,"href":"https:\/\/pasaenmendoza.com\/index.php?rest_route=\/wp\/v2\/posts\/1417\/revisions\/1420"}],"wp:featuredmedia":[{"embeddable":true,"href":"https:\/\/pasaenmendoza.com\/index.php?rest_route=\/wp\/v2\/media\/1418"}],"wp:attachment":[{"href":"https:\/\/pasaenmendoza.com\/index.php?rest_route=%2Fwp%2Fv2%2Fmedia&parent=1417"}],"wp:term":[{"taxonomy":"category","embeddable":true,"href":"https:\/\/pasaenmendoza.com\/index.php?rest_route=%2Fwp%2Fv2%2Fcategories&post=1417"},{"taxonomy":"post_tag","embeddable":true,"href":"https:\/\/pasaenmendoza.com\/index.php?rest_route=%2Fwp%2Fv2%2Ftags&post=1417"}],"curies":[{"name":"wp","href":"https:\/\/api.w.org\/{rel}","templated":true}]}}